{"id":59328,"date":"2026-09-04T08:24:52","date_gmt":"2026-09-04T11:24:52","guid":{"rendered":"https:\/\/tupungato.gov.ar\/?p=59328"},"modified":"2026-09-04T08:24:53","modified_gmt":"2026-09-04T11:24:53","slug":"la-dge-moderniza-el-sistema-educativo-mendocino-tadeo-garcia-salazar-distribuyo-material-tecnologico-y-pedagogico-para-escuelas-del-valle-de-uco","status":"publish","type":"post","link":"https:\/\/tupungato.gov.ar\/?p=59328","title":{"rendered":"La DGE moderniza el sistema educativo mendocino: Tadeo Garc\u00eda Salazar distribuy\u00f3 material tecnol\u00f3gico y pedag\u00f3gico para escuelas del Valle de Uco"},"content":{"rendered":"\n<h3 class=\"wp-block-heading\"><strong>El Ministro de Educaci\u00f3n, Cultura, Infancias y DGE estuvo acompa\u00f1ado por el Intendente Gustavo Aguilera en la gesti\u00f3n de esta iniciativa que alcanza a instituciones educativas de Tupungato, Tunuy\u00e1n y San Carlos a las que permitir\u00e1 asegurar a docentes y estudiantes un aprendizaje interactivo aggiornado al desarrollo actual.<\/strong><\/h3>\n\n\n\n<p class=\"wp-block-paragraph\">Este jueves el Ministro de Educaci\u00f3n, Cultura, Infancias y DGE, Tadeo Garc\u00eda Salazar lleg\u00f3 a la Esc. Comandante Luis Piedrabuena del distrito Cord\u00f3n de Plata, en Tupungato, y junto al jefe comunal local llev\u00f3 adelante el motivo principal de esta visita que fue acercar materiales tecnol\u00f3gicos, did\u00e1cticos y pedag\u00f3gicos a instituciones de la Regi\u00f3n valletana.&nbsp;<\/p>\n\n\n\n<p class=\"wp-block-paragraph\">Por un lado se concret\u00f3 la entrega de material did\u00e1ctico y pedag\u00f3gico -en espec\u00edfico<strong>&nbsp;libros<\/strong>&nbsp;destinados al nivel secundario- por&nbsp;otro, se incorporaron&nbsp;<strong>aulas digitales m\u00f3viles<\/strong>, que incluyen 30 notebook para cada instituci\u00f3n, ca\u00f1ones multimedia y notebooks para docentes.&nbsp;Adem\u00e1s, el equipamiento est\u00e1 acompa\u00f1ado por&nbsp;<strong>capacitaci\u00f3n docente&nbsp;<\/strong>y las<strong>&nbsp;licencias correspondientes<\/strong>&nbsp;para utilizar distintas plataformas educativas que permiten abordar contenidos de por ejemplo materias como Matem\u00e1tica, Lengua y Ciencias mediante propuestas l\u00fadicas y did\u00e1cticas que permitan a los estudiantes adquirir nuevos conocimientos.<\/p>\n\n\n\n<figure class=\"wp-block-gallery has-nested-images columns-default is-cropped wp-block-gallery-1 is-layout-flex wp-block-gallery-is-layout-flex\">\n<figure class=\"wp-block-image size-large\"><img fetchpriority=\"high\" decoding=\"async\" width=\"1024\" height=\"683\" data-id=\"59331\" src=\"https:\/\/tupungato.gov.ar\/wp-content\/uploads\/2026\/09\/Entrega-material-tecnologico-y-pedagogico-Ministro-Garcia-Zalazar-Tgto-3-1024x683.jpg\" alt=\"\" class=\"wp-image-59331\" srcset=\"https:\/\/tupungato.gov.ar\/wp-content\/uploads\/2026\/09\/Entrega-material-tecnologico-y-pedagogico-Ministro-Garcia-Zalazar-Tgto-3-1024x683.jpg 1024w, https:\/\/tupungato.gov.ar\/wp-content\/uploads\/2026\/09\/Entrega-material-tecnologico-y-pedagogico-Ministro-Garcia-Zalazar-Tgto-3-300x200.jpg 300w, https:\/\/tupungato.gov.ar\/wp-content\/uploads\/2026\/09\/Entrega-material-tecnologico-y-pedagogico-Ministro-Garcia-Zalazar-Tgto-3-768x512.jpg 768w, https:\/\/tupungato.gov.ar\/wp-content\/uploads\/2026\/09\/Entrega-material-tecnologico-y-pedagogico-Ministro-Garcia-Zalazar-Tgto-3-1536x1024.jpg 1536w, https:\/\/tupungato.gov.ar\/wp-content\/uploads\/2026\/09\/Entrega-material-tecnologico-y-pedagogico-Ministro-Garcia-Zalazar-Tgto-3-2048x1365.jpg 2048w\" sizes=\"(max-width: 1024px) 100vw, 1024px\" \/><\/figure>\n\n\n\n<figure class=\"wp-block-image size-large\"><img decoding=\"async\" width=\"1024\" height=\"683\" data-id=\"59332\" src=\"https:\/\/tupungato.gov.ar\/wp-content\/uploads\/2026\/09\/Entrega-material-tecnologico-y-pedagogico-Ministro-Garcia-Zalazar-Tgto-2-1024x683.jpg\" alt=\"\" class=\"wp-image-59332\" srcset=\"https:\/\/tupungato.gov.ar\/wp-content\/uploads\/2026\/09\/Entrega-material-tecnologico-y-pedagogico-Ministro-Garcia-Zalazar-Tgto-2-1024x683.jpg 1024w, https:\/\/tupungato.gov.ar\/wp-content\/uploads\/2026\/09\/Entrega-material-tecnologico-y-pedagogico-Ministro-Garcia-Zalazar-Tgto-2-300x200.jpg 300w, https:\/\/tupungato.gov.ar\/wp-content\/uploads\/2026\/09\/Entrega-material-tecnologico-y-pedagogico-Ministro-Garcia-Zalazar-Tgto-2-768x512.jpg 768w, https:\/\/tupungato.gov.ar\/wp-content\/uploads\/2026\/09\/Entrega-material-tecnologico-y-pedagogico-Ministro-Garcia-Zalazar-Tgto-2-1536x1024.jpg 1536w, https:\/\/tupungato.gov.ar\/wp-content\/uploads\/2026\/09\/Entrega-material-tecnologico-y-pedagogico-Ministro-Garcia-Zalazar-Tgto-2-2048x1365.jpg 2048w\" sizes=\"(max-width: 1024px) 100vw, 1024px\" \/><\/figure>\n<\/figure>\n\n\n\n<p class=\"wp-block-paragraph\">Durante su visita, Garc\u00eda Salazar destac\u00f3 la importancia de la incorporaci\u00f3n de estos recursos y se\u00f1al\u00f3:&nbsp;<em>\u201cYa con esas tecnolog\u00edas tenemos equipadas con aulas digitales el 100% de las escuelas primarias y secundarias de Tupungato\u201d.<\/em><\/p>\n\n\n\n<p class=\"wp-block-paragraph\">La distribuci\u00f3n no se limit\u00f3 a Tupungato, sino que alcanz\u00f3 a escuelas de Tunuy\u00e1n y San Carlos, como parte de un proceso regional destinado a completar el equipamiento educativo de todo el Valle de Uco.<\/p>\n\n\n\n<p class=\"wp-block-paragraph\">El ministro explic\u00f3 que durante lo que resta de este semestre la DGE continuar\u00e1 trabajando para completar el equipamiento de las instituciones educativas de la regi\u00f3n,&nbsp;<strong>con la meta de que en 2027 el 100% de las escuelas del Valle de Uco pueda iniciar el ciclo lectivo con nueva tecnolog\u00eda y su correspondiente material did\u00e1ctico<\/strong>.<\/p>\n\n\n\n<figure class=\"wp-block-audio\"><audio controls src=\"https:\/\/tupungato.gov.ar\/wp-content\/uploads\/2026\/09\/Ministro.mp3\"><\/audio><figcaption class=\"wp-element-caption\">Ministro Tadeo Garc\u00eda Zalazar<\/figcaption><\/figure>\n","protected":false},"excerpt":{"rendered":"<p>El Ministro de Educaci\u00f3n, Cultura, Infancias y DGE estuvo acompa\u00f1ado por el Intendente Gustavo Aguilera en la gesti\u00f3n de esta [&hellip;]<\/p>\n","protected":false},"author":3,"featured_media":59330,"comment_status":"closed","ping_status":"closed","sticky":false,"template":"","format":"standard","meta":{"_acf_changed":false,"site-sidebar-layout":"default","site-content-layout":"","ast-site-content-layout":"default","site-content-style":"default","site-sidebar-style":"default","ast-global-header-display":"","ast-banner-title-visibility":"","ast-main-header-display":"","ast-hfb-above-header-display":"","ast-hfb-below-header-display":"","ast-hfb-mobile-header-display":"","site-post-title":"","ast-breadcrumbs-content":"","ast-featured-img":"","footer-sml-layout":"","ast-disable-related-posts":"","theme-transparent-header-meta":"","adv-header-id-meta":"","stick-header-meta":"","header-above-stick-meta":"","header-main-stick-meta":"","header-below-stick-meta":"","astra-migrate-meta-layouts":"default","ast-page-background-enabled":"default","ast-page-background-meta":{"desktop":{"background-color":"var(--ast-global-color-4)","background-image":"","background-repeat":"repeat","background-position":"center center","background-size":"auto","background-attachment":"scroll","background-type":"","background-media":"","overlay-type":"","overlay-color":"","overlay-opacity":"","overlay-gradient":""},"tablet":{"background-color":"","background-image":"","background-repeat":"repeat","background-position":"center center","background-size":"auto","background-attachment":"scroll","background-type":"","background-media":"","overlay-type":"","overlay-color":"","overlay-opacity":"","overlay-gradient":""},"mobile":{"background-color":"","background-image":"","background-repeat":"repeat","background-position":"center center","background-size":"auto","background-attachment":"scroll","background-type":"","background-media":"","overlay-type":"","overlay-color":"","overlay-opacity":"","overlay-gradient":""}},"ast-content-background-meta":{"desktop":{"background-color":"var(--ast-global-color-5)","background-image":"","background-repeat":"repeat","background-position":"center center","background-size":"auto","background-attachment":"scroll","background-type":"","background-media":"","overlay-type":"","overlay-color":"","overlay-opacity":"","overlay-gradient":""},"tablet":{"background-color":"var(--ast-global-color-5)","background-image":"","background-repeat":"repeat","background-position":"center center","background-size":"auto","background-attachment":"scroll","background-type":"","background-media":"","overlay-type":"","overlay-color":"","overlay-opacity":"","overlay-gradient":""},"mobile":{"background-color":"var(--ast-global-color-5)","background-image":"","background-repeat":"repeat","background-position":"center center","background-size":"auto","background-attachment":"scroll","background-type":"","background-media":"","overlay-type":"","overlay-color":"","overlay-opacity":"","overlay-gradient":""}},"footnotes":""},"categories":[1],"tags":[],"class_list":["post-59328","post","type-post","status-publish","format-standard","has-post-thumbnail","hentry","category-sin-categoria"],"acf":[],"_links":{"self":[{"href":"https:\/\/tupungato.gov.ar\/index.php?rest_route=\/wp\/v2\/posts\/59328","targetHints":{"allow":["GET"]}}],"collection":[{"href":"https:\/\/tupungato.gov.ar\/index.php?rest_route=\/wp\/v2\/posts"}],"about":[{"href":"https:\/\/tupungato.gov.ar\/index.php?rest_route=\/wp\/v2\/types\/post"}],"author":[{"embeddable":true,"href":"https:\/\/tupungato.gov.ar\/index.php?rest_route=\/wp\/v2\/users\/3"}],"replies":[{"embeddable":true,"href":"https:\/\/tupungato.gov.ar\/index.php?rest_route=%2Fwp%2Fv2%2Fcomments&post=59328"}],"version-history":[{"count":1,"href":"https:\/\/tupungato.gov.ar\/index.php?rest_route=\/wp\/v2\/posts\/59328\/revisions"}],"predecessor-version":[{"id":59334,"href":"https:\/\/tupungato.gov.ar\/index.php?rest_route=\/wp\/v2\/posts\/59328\/revisions\/59334"}],"wp:featuredmedia":[{"embeddable":true,"href":"https:\/\/tupungato.gov.ar\/index.php?rest_route=\/wp\/v2\/media\/59330"}],"wp:attachment":[{"href":"https:\/\/tupungato.gov.ar\/index.php?rest_route=%2Fwp%2Fv2%2Fmedia&parent=59328"}],"wp:term":[{"taxonomy":"category","embeddable":true,"href":"https:\/\/tupungato.gov.ar\/index.php?rest_route=%2Fwp%2Fv2%2Fcategories&post=59328"},{"taxonomy":"post_tag","embeddable":true,"href":"https:\/\/tupungato.gov.ar\/index.php?rest_route=%2Fwp%2Fv2%2Ftags&post=59328"}],"curies":[{"name":"wp","href":"https:\/\/api.w.org\/{rel}","templated":true}]}}