{"id":58805,"date":"2026-09-02T11:40:18","date_gmt":"2026-09-02T14:40:18","guid":{"rendered":"https:\/\/tupungato.gov.ar\/?p=58805"},"modified":"2026-09-02T11:40:19","modified_gmt":"2026-09-02T14:40:19","slug":"cuenta-regresiva-para-tupungato-estudiantil-2026","status":"publish","type":"post","link":"https:\/\/tupungato.gov.ar\/?p=58805","title":{"rendered":"Cuenta regresiva para Tupungato Estudiantil 2026"},"content":{"rendered":"\n<h3 class=\"wp-block-heading\"><strong>El mes de la primavera se carga de la energ\u00eda de los estudiantes que tienen un cronograma con deporte, desaf\u00edos, recreaci\u00f3n, bailes, y m\u00e1s actividades para que disfruten estos d\u00edas de fiesta entre sus amigos y compa\u00f1eros.<\/strong><\/h3>\n\n\n\n<p class=\"wp-block-paragraph\">La Municipalidad junto a las Promos Estudiantiles 2026 ya tienen las fechas definidas para vivir una nueva edici\u00f3n de&nbsp;<strong>Tupungato Estudiantil<\/strong>, una propuesta que reunir\u00e1 a estudiantes del departamento para poner a prueba su uni\u00f3n, compa\u00f1erismo, empat\u00eda, motivaci\u00f3n y ganas de pasar momentos de diversi\u00f3n con los chicos y chicas de todas las escuelas secundarias.<br><\/p>\n\n\n\n<p class=\"wp-block-paragraph\">Durante las \u00faltimas semanas, la Muni acompa\u00f1\u00f3 a las escuelas en la elecci\u00f3n de los candidatos y candidatas a Reina, Rey, Princesa y Pr\u00edncipe Estudiantil 2027.\u00a0Las votaciones fueron organizadas por las promos de cada instituci\u00f3n, y desde la gesti\u00f3n del Intendente Aguilera se acompa\u00f1\u00f3 cada uno de estos eventos con\u00a0<strong>DJs\u00a0<\/strong>(Juan Cruz Mallea, Thiago Deragna, Franco Fuligna)<strong>\u00a0y sonido<\/strong>, para que los estudiantes pudieran disfrutar de una propuesta especial en sus escuelas.<br><br>Adem\u00e1s, las\u00a0<strong>bandas que utilizan los representantes electos<\/strong>, fueron anteriormente otorgadas por\u00a0la Municipalidad y\u00a0se van traspasando a\u00f1o tras a\u00f1o a quienes asumen estas representaciones.<\/p>\n\n\n\n<p class=\"wp-block-paragraph\"><strong><u>Calendario Estudiantil<\/u><\/strong><br><img decoding=\"async\" src=\"https:\/\/fonts.gstatic.com\/s\/e\/notoemoji\/17.0\/1f389\/32.png\" alt=\"\ud83c\udf89\"><strong>\u00a04 de septiembre \u2013 Apertura Estudiantil<\/strong><br>Este viernes se realizar\u00e1 el encendido de antorchas y marat\u00f3n desde la Plaza Grl. San Mart\u00edn hasta el Poli donde se dar\u00e1 inicio oficialmente a las actividades con juegos recreativos interpromos.\u00a0\u00a0<br><br><img decoding=\"async\" src=\"https:\/\/fonts.gstatic.com\/s\/e\/notoemoji\/17.0\/1f3c6\/32.png\" alt=\"\ud83c\udfc6\"><strong>Del 7 al 25 de septiembre \u2013 Semana Deportiva<\/strong><br>Una de las principales instancias del cronograma donde los estudiantes compiten en diferentes propuestas deportivas como futsal, v\u00f3ley, handball, entre otras.<br><br><img decoding=\"async\" src=\"https:\/\/fonts.gstatic.com\/s\/e\/notoemoji\/17.0\/1f483\/32.png\" alt=\"\ud83d\udc83\"><strong>\u00a020 de septiembre \u2013 Presentaci\u00f3n de Promos 2027 y candidatos a Representantes Estudiantiles<\/strong><br>La tarde del domingo 20 de septiembre ser\u00e1 el turno de la presentaci\u00f3n de las Promos 2027 y los candidatos a representantes estudiantiles en el Poli Municipal, un festival para compartir y disfrutar.<br><br><img decoding=\"async\" src=\"https:\/\/fonts.gstatic.com\/s\/e\/notoemoji\/17.0\/1f525\/32.png\" alt=\"\ud83d\udd25\"><strong>Del 28 al 30 de septiembre \u2013 Desaf\u00edo Estudiantil<\/strong><br>La propuesta pondr\u00e1 a prueba el entusiasmo y el esp\u00edritu de equipo de los estudiantes con t\u00f3picos que cumplir y sortear para sumar puntos.<br><br><img decoding=\"async\" src=\"https:\/\/fonts.gstatic.com\/s\/e\/notoemoji\/17.0\/1f3ad\/32.png\" alt=\"\ud83c\udfad\"><strong>\u00a03 de octubre \u2013\u00a0Far\u00e1ndula<\/strong><br>Como gran cierre de las actividades, el s\u00e1bado 3 de octubre se realizar\u00e1 la\u00a0Far\u00e1ndula, el gran desfile por la calle principal de la ciudad de Tupungato que permitir\u00e1 a los estudiantes desplegar toda su creatividad en los carros aleg\u00f3ricos y Mascota-Frase con la elecci\u00f3n final de los representantes estudiantiles 2026\/2027 en la Explanada Municipal y\u00a0una propuesta musical para finalizar el cronograma en familia.<br><br>En los pr\u00f3ximos d\u00edas, se brindar\u00e1n m\u00e1s detalles sobre cada una de las actividades y propuestas que formar\u00e1n parte de esta edici\u00f3n.\u00a0\u00a0<\/p>\n\n\n\n<p class=\"wp-block-paragraph\">Mediante Tupungato Estudiantil la Muni busca acompa\u00f1ar a los j\u00f3venes en una etapa especial de su vida, generando espacios donde puedan compartir con sus pares y en familia, fortalecer v\u00ednculos, a trav\u00e9s&nbsp;del deporte y la recreaci\u00f3n.<\/p>\n\n\n\n<figure class=\"wp-block-audio\"><audio controls src=\"https:\/\/tupungato.gov.ar\/wp-content\/uploads\/2026\/09\/Santiago-Reyes-2.mp3\"><\/audio><figcaption class=\"wp-element-caption\">Santiago Reyes<\/figcaption><\/figure>\n","protected":false},"excerpt":{"rendered":"<p>El mes de la primavera se carga de la energ\u00eda de los estudiantes que tienen un cronograma con deporte, desaf\u00edos, [&hellip;]<\/p>\n","protected":false},"author":3,"featured_media":58806,"comment_status":"closed","ping_status":"closed","sticky":false,"template":"","format":"standard","meta":{"_acf_changed":false,"site-sidebar-layout":"default","site-content-layout":"","ast-site-content-layout":"default","site-content-style":"default","site-sidebar-style":"default","ast-global-header-display":"","ast-banner-title-visibility":"","ast-main-header-display":"","ast-hfb-above-header-display":"","ast-hfb-below-header-display":"","ast-hfb-mobile-header-display":"","site-post-title":"","ast-breadcrumbs-content":"","ast-featured-img":"","footer-sml-layout":"","ast-disable-related-posts":"","theme-transparent-header-meta":"","adv-header-id-meta":"","stick-header-meta":"","header-above-stick-meta":"","header-main-stick-meta":"","header-below-stick-meta":"","astra-migrate-meta-layouts":"default","ast-page-background-enabled":"default","ast-page-background-meta":{"desktop":{"background-color":"var(--ast-global-color-4)","background-image":"","background-repeat":"repeat","background-position":"center center","background-size":"auto","background-attachment":"scroll","background-type":"","background-media":"","overlay-type":"","overlay-color":"","overlay-opacity":"","overlay-gradient":""},"tablet":{"background-color":"","background-image":"","background-repeat":"repeat","background-position":"center center","background-size":"auto","background-attachment":"scroll","background-type":"","background-media":"","overlay-type":"","overlay-color":"","overlay-opacity":"","overlay-gradient":""},"mobile":{"background-color":"","background-image":"","background-repeat":"repeat","background-position":"center center","background-size":"auto","background-attachment":"scroll","background-type":"","background-media":"","overlay-type":"","overlay-color":"","overlay-opacity":"","overlay-gradient":""}},"ast-content-background-meta":{"desktop":{"background-color":"var(--ast-global-color-5)","background-image":"","background-repeat":"repeat","background-position":"center center","background-size":"auto","background-attachment":"scroll","background-type":"","background-media":"","overlay-type":"","overlay-color":"","overlay-opacity":"","overlay-gradient":""},"tablet":{"background-color":"var(--ast-global-color-5)","background-image":"","background-repeat":"repeat","background-position":"center center","background-size":"auto","background-attachment":"scroll","background-type":"","background-media":"","overlay-type":"","overlay-color":"","overlay-opacity":"","overlay-gradient":""},"mobile":{"background-color":"var(--ast-global-color-5)","background-image":"","background-repeat":"repeat","background-position":"center center","background-size":"auto","background-attachment":"scroll","background-type":"","background-media":"","overlay-type":"","overlay-color":"","overlay-opacity":"","overlay-gradient":""}},"footnotes":""},"categories":[1],"tags":[],"class_list":["post-58805","post","type-post","status-publish","format-standard","has-post-thumbnail","hentry","category-sin-categoria"],"acf":[],"_links":{"self":[{"href":"https:\/\/tupungato.gov.ar\/index.php?rest_route=\/wp\/v2\/posts\/58805","targetHints":{"allow":["GET"]}}],"collection":[{"href":"https:\/\/tupungato.gov.ar\/index.php?rest_route=\/wp\/v2\/posts"}],"about":[{"href":"https:\/\/tupungato.gov.ar\/index.php?rest_route=\/wp\/v2\/types\/post"}],"author":[{"embeddable":true,"href":"https:\/\/tupungato.gov.ar\/index.php?rest_route=\/wp\/v2\/users\/3"}],"replies":[{"embeddable":true,"href":"https:\/\/tupungato.gov.ar\/index.php?rest_route=%2Fwp%2Fv2%2Fcomments&post=58805"}],"version-history":[{"count":1,"href":"https:\/\/tupungato.gov.ar\/index.php?rest_route=\/wp\/v2\/posts\/58805\/revisions"}],"predecessor-version":[{"id":58808,"href":"https:\/\/tupungato.gov.ar\/index.php?rest_route=\/wp\/v2\/posts\/58805\/revisions\/58808"}],"wp:featuredmedia":[{"embeddable":true,"href":"https:\/\/tupungato.gov.ar\/index.php?rest_route=\/wp\/v2\/media\/58806"}],"wp:attachment":[{"href":"https:\/\/tupungato.gov.ar\/index.php?rest_route=%2Fwp%2Fv2%2Fmedia&parent=58805"}],"wp:term":[{"taxonomy":"category","embeddable":true,"href":"https:\/\/tupungato.gov.ar\/index.php?rest_route=%2Fwp%2Fv2%2Fcategories&post=58805"},{"taxonomy":"post_tag","embeddable":true,"href":"https:\/\/tupungato.gov.ar\/index.php?rest_route=%2Fwp%2Fv2%2Ftags&post=58805"}],"curies":[{"name":"wp","href":"https:\/\/api.w.org\/{rel}","templated":true}]}}