{"id":58630,"date":"2026-08-31T10:02:23","date_gmt":"2026-08-31T13:02:23","guid":{"rendered":"https:\/\/tupungato.gov.ar\/?p=58630"},"modified":"2026-08-31T10:02:24","modified_gmt":"2026-08-31T13:02:24","slug":"paso-el-mes-del-arbol-y-tupungato-reforzo-sus-acciones-de-forestacion-concientizacion-y-planificacion-del-arbolado-publico","status":"publish","type":"post","link":"https:\/\/tupungato.gov.ar\/?p=58630","title":{"rendered":"Pas\u00f3 el Mes del \u00c1rbol y Tupungato reforz\u00f3 sus acciones de forestaci\u00f3n, concientizaci\u00f3n y planificaci\u00f3n del arbolado p\u00fablico"},"content":{"rendered":"\n<h3 class=\"wp-block-heading\"><strong>En el marco del Mes del \u00c1rbol, el Municipio de Tupungato llev\u00f3 adelante distintas iniciativas destinadas a promover la forestaci\u00f3n, concientizar a la comunidad sobre la importancia del arbolado p\u00fablico y avanzar en el mantenimiento y la planificaci\u00f3n de los espacios verdes del departamento.<\/strong><\/h3>\n\n\n\n<p class=\"wp-block-paragraph\">Las actividades tuvieron como eje una jornada de plantaci\u00f3n y replantaci\u00f3n de especies arb\u00f3reas el viernes pasado en la Plaza departamental General San Mart\u00edn, donde se incorporaron ejemplares de fresno rojo, una especie que se adapta a las condiciones de la zona, aporta sombra y posee un importante valor paisaj\u00edstico.\u00a0Durante el encuentro, estuvo el Intendente Gustavo Aguilera junto a la Encargada de Arbolado P\u00fablico Ing. Mar\u00eda Emilia Di Marco y junto al Ing. Ignacio Haudet Director de Biodiversidad y Ecoparque de la Provincia de Mendoza.\u00a0<\/p>\n\n\n\n<figure class=\"wp-block-gallery has-nested-images columns-default is-cropped wp-block-gallery-1 is-layout-flex wp-block-gallery-is-layout-flex\">\n<figure class=\"wp-block-image size-large\"><img fetchpriority=\"high\" decoding=\"async\" width=\"1024\" height=\"683\" data-id=\"58632\" src=\"https:\/\/tupungato.gov.ar\/wp-content\/uploads\/2026\/08\/Mes-del-Arbol-Tgto-3-1024x683.jpg\" alt=\"\" class=\"wp-image-58632\" srcset=\"https:\/\/tupungato.gov.ar\/wp-content\/uploads\/2026\/08\/Mes-del-Arbol-Tgto-3-1024x683.jpg 1024w, https:\/\/tupungato.gov.ar\/wp-content\/uploads\/2026\/08\/Mes-del-Arbol-Tgto-3-300x200.jpg 300w, https:\/\/tupungato.gov.ar\/wp-content\/uploads\/2026\/08\/Mes-del-Arbol-Tgto-3-768x512.jpg 768w, https:\/\/tupungato.gov.ar\/wp-content\/uploads\/2026\/08\/Mes-del-Arbol-Tgto-3-1536x1024.jpg 1536w, https:\/\/tupungato.gov.ar\/wp-content\/uploads\/2026\/08\/Mes-del-Arbol-Tgto-3.jpg 1620w\" sizes=\"(max-width: 1024px) 100vw, 1024px\" \/><\/figure>\n\n\n\n<figure class=\"wp-block-image size-large\"><img decoding=\"async\" width=\"1024\" height=\"683\" data-id=\"58634\" src=\"https:\/\/tupungato.gov.ar\/wp-content\/uploads\/2026\/08\/Mes-del-Arbol-Tgto-4-1024x683.jpg\" alt=\"\" class=\"wp-image-58634\" srcset=\"https:\/\/tupungato.gov.ar\/wp-content\/uploads\/2026\/08\/Mes-del-Arbol-Tgto-4-1024x683.jpg 1024w, https:\/\/tupungato.gov.ar\/wp-content\/uploads\/2026\/08\/Mes-del-Arbol-Tgto-4-300x200.jpg 300w, https:\/\/tupungato.gov.ar\/wp-content\/uploads\/2026\/08\/Mes-del-Arbol-Tgto-4-768x512.jpg 768w, https:\/\/tupungato.gov.ar\/wp-content\/uploads\/2026\/08\/Mes-del-Arbol-Tgto-4-1536x1024.jpg 1536w, https:\/\/tupungato.gov.ar\/wp-content\/uploads\/2026\/08\/Mes-del-Arbol-Tgto-4.jpg 1620w\" sizes=\"(max-width: 1024px) 100vw, 1024px\" \/><\/figure>\n\n\n\n<figure class=\"wp-block-image size-large\"><img decoding=\"async\" width=\"1024\" height=\"683\" data-id=\"58633\" src=\"https:\/\/tupungato.gov.ar\/wp-content\/uploads\/2026\/08\/Mes-del-Arbol-Tgto-1-1024x683.jpg\" alt=\"\" class=\"wp-image-58633\" srcset=\"https:\/\/tupungato.gov.ar\/wp-content\/uploads\/2026\/08\/Mes-del-Arbol-Tgto-1-1024x683.jpg 1024w, https:\/\/tupungato.gov.ar\/wp-content\/uploads\/2026\/08\/Mes-del-Arbol-Tgto-1-300x200.jpg 300w, https:\/\/tupungato.gov.ar\/wp-content\/uploads\/2026\/08\/Mes-del-Arbol-Tgto-1-768x512.jpg 768w, https:\/\/tupungato.gov.ar\/wp-content\/uploads\/2026\/08\/Mes-del-Arbol-Tgto-1-1536x1024.jpg 1536w, https:\/\/tupungato.gov.ar\/wp-content\/uploads\/2026\/08\/Mes-del-Arbol-Tgto-1.jpg 1620w\" sizes=\"(max-width: 1024px) 100vw, 1024px\" \/><\/figure>\n<\/figure>\n\n\n\n<p class=\"wp-block-paragraph\"><br><br>El mandatario destac\u00f3 el compromiso de la gesti\u00f3n municipal con el cuidado ambiental y explic\u00f3 el trabajo que se viene desarrollando durante el \u00faltimo a\u00f1o en materia de mantenimiento del arbolado p\u00fablico.\u00a0<\/p>\n\n\n\n<p class=\"wp-block-paragraph\">En este sentido, se\u00f1al\u00f3 que el Municipio ha intensificado las tareas de relevamiento, mantenimiento y reforestaci\u00f3n, al tiempo que avanzaba en el proceso de transici\u00f3n establecido por la nueva normativa provincial -Ley Arbolado P\u00fablico 9702- que otorga de manera progresiva mayores facultades a los municipios para la administraci\u00f3n del arbolado p\u00fablico.<br>El jefe comunal explic\u00f3 que, como parte de este proceso, el Municipio se encuentra realizando el censo del arbolado, las tareas de erradicaci\u00f3n autorizadas y la elaboraci\u00f3n de un plan integral de mantenimiento a cuatro a\u00f1os, que debe ser presentado ante la Direcci\u00f3n de Biodiversidad y Ecoparque de la Provincia de Mendoza. Hasta tanto se&nbsp;complete&nbsp;esta transici\u00f3n, continuar\u00e1n gestionando las autorizaciones correspondientes ante los organismos provinciales.<\/p>\n\n\n\n<p class=\"wp-block-paragraph\">Asimismo, Aguilera inform\u00f3 que se han identificado alrededor de 120 ejemplares en mal estado que requieren intervenci\u00f3n preventiva ante la proximidad de un per\u00edodo de posibles tormentas convectivas y fuertes precipitaciones a causa del Fen\u00f3meno del Ni\u00f1o. Para mitigar riesgos y evitar da\u00f1os mayores en veredas, cunetas y otros espacios p\u00fablicos, se ha previsto realizar una primera intervenci\u00f3n sobre los ejemplares, dejando los tocones para completar luego su erradicaci\u00f3n.<\/p>\n\n\n\n<p class=\"wp-block-paragraph\">El Intendente remarc\u00f3 adem\u00e1s que las tareas de extracci\u00f3n se deben desarrollar en paralelo con acciones de replantaci\u00f3n, ya que cada ejemplar que debe ser erradicado implica tambi\u00e9n avanzar en la incorporaci\u00f3n de un nuevo \u00e1rbol, ya fuera en el mismo sitio o en otro espacio adecuado.<\/p>\n\n\n\n<p class=\"wp-block-paragraph\">Asimismo Haudet brind\u00f3 detalles sobre las modificaciones introducidas a la legislaci\u00f3n provincial de arbolado p\u00fablico.&nbsp;El funcionario explic\u00f3 que se han modificado cinco art\u00edculos de la normativa vigente con el objetivo de otorgar mayor capacidad de acci\u00f3n a los municipios frente a situaciones que requer\u00edan respuestas r\u00e1pidas. Se\u00f1al\u00f3 que, antes, muchas de las decisiones vinculadas con la erradicaci\u00f3n de ejemplares deb\u00edan ser elevadas a la Provincia, mientras que el nuevo esquema otorga mayores facultades a los gobiernos municipales, siempre bajo criterio t\u00e9cnico profesional.<\/p>\n\n\n\n<p class=\"wp-block-paragraph\">El director provincial destac\u00f3 que el \u00e1rbol deb\u00eda ser entendido como un patrimonio de toda la comunidad y no como un elemento de propiedad particular, debido a los servicios ecosist\u00e9micos que brinda, especialmente en una provincia como Mendoza, caracterizada por sus condiciones \u00e1ridas.<\/p>\n\n\n\n<p class=\"wp-block-paragraph\">En ese sentido, remarc\u00f3 que no toda situaci\u00f3n problem\u00e1tica debe resolverse mediante la erradicaci\u00f3n de un ejemplar, ya que existen alternativas de intervenci\u00f3n y manejo. Tambi\u00e9n subray\u00f3 que la elecci\u00f3n de las especies para el arbolado p\u00fablico debe responder a criterios t\u00e9cnicos, debido a que no todas las especies ornamentales resultan adecuadas para desarrollarse en calles, veredas o sectores con tendidos de servicios.<br>Houdet tambi\u00e9n se refiri\u00f3 al plan de cuatro a\u00f1os que deben elaborar los municipios y se\u00f1al\u00f3 que esta herramienta permitir\u00e1 mejorar la planificaci\u00f3n del arbolado y&nbsp;coordinar con&nbsp;obras de infraestructura, como cordones, cunetas y banquinas.<br>En relaci\u00f3n con la proximidad de la temporada estival y la posibilidad de tormentas de gran intensidad, indic\u00f3 que se ha promovido un trabajo conjunto entre la Provincia y los municipios para reducir riesgos. En situaciones de peligro inminente, los gobiernos locales cuentan con herramientas para actuar de manera r\u00e1pida sobre ejemplares que&nbsp;representan&nbsp;un riesgo para la poblaci\u00f3n.<\/p>\n\n\n\n<p class=\"wp-block-paragraph\">Durante su visita, el director provincial tambi\u00e9n destac\u00f3 la importancia de que Tupungato se incorpore a la plataforma digital Mi \u00c1rbol, una herramienta que permite contar con informaci\u00f3n georreferenciada sobre los ejemplares del arbolado p\u00fablico.<\/p>\n\n\n\n<p class=\"wp-block-paragraph\">La plataforma posibilita conocer datos como la especie, altura, estado y ubicaci\u00f3n de cada \u00e1rbol, adem\u00e1s de facilitar el an\u00e1lisis de posibles interferencias con otros servicios y contribuir a una planificaci\u00f3n m\u00e1s eficiente del desarrollo urbano.<\/p>\n\n\n\n<p class=\"wp-block-paragraph\">Houdet explic\u00f3 que el objetivo es que la informaci\u00f3n sobre el arbolado p\u00fablico pueda ser de acceso abierto para toda la comunidad.<br>La responsable de Arbolado P\u00fablico municipal, refiri\u00f3 a las distintas acciones desarrolladas durante agosto para acercar a la comunidad la importancia de la&nbsp;forestaci\u00f3n&nbsp;y del cuidado de los \u00e1rboles.<\/p>\n\n\n\n<p class=\"wp-block-paragraph\">Entre las actividades realizadas se encontr\u00f3 la participaci\u00f3n en el D\u00eda ReAccionemos, donde se entregaron ejemplares de acacia a los vecinos que se acercaron. Tambi\u00e9n se realizaron entregas de \u00e1rboles a distintas instituciones, establecimientos educativos y espacios comunitarios que solicitaron ejemplares para sus instalaciones.<\/p>\n\n\n\n<figure class=\"wp-block-gallery has-nested-images columns-default is-cropped wp-block-gallery-2 is-layout-flex wp-block-gallery-is-layout-flex\">\n<figure class=\"wp-block-image size-large\"><img loading=\"lazy\" decoding=\"async\" width=\"1024\" height=\"683\" data-id=\"58636\" src=\"https:\/\/tupungato.gov.ar\/wp-content\/uploads\/2026\/08\/Mes-del-Arbol-Tgto-1-1024x683.jpeg\" alt=\"\" class=\"wp-image-58636\" srcset=\"https:\/\/tupungato.gov.ar\/wp-content\/uploads\/2026\/08\/Mes-del-Arbol-Tgto-1-1024x683.jpeg 1024w, https:\/\/tupungato.gov.ar\/wp-content\/uploads\/2026\/08\/Mes-del-Arbol-Tgto-1-300x200.jpeg 300w, https:\/\/tupungato.gov.ar\/wp-content\/uploads\/2026\/08\/Mes-del-Arbol-Tgto-1-768x512.jpeg 768w, https:\/\/tupungato.gov.ar\/wp-content\/uploads\/2026\/08\/Mes-del-Arbol-Tgto-1-1536x1024.jpeg 1536w, https:\/\/tupungato.gov.ar\/wp-content\/uploads\/2026\/08\/Mes-del-Arbol-Tgto-1.jpeg 1620w\" sizes=\"(max-width: 1024px) 100vw, 1024px\" \/><\/figure>\n\n\n\n<figure class=\"wp-block-image size-large\"><img loading=\"lazy\" decoding=\"async\" width=\"1024\" height=\"683\" data-id=\"58635\" src=\"https:\/\/tupungato.gov.ar\/wp-content\/uploads\/2026\/08\/Mes-del-Arbol-Tgto-4-1024x683.jpeg\" alt=\"\" class=\"wp-image-58635\" srcset=\"https:\/\/tupungato.gov.ar\/wp-content\/uploads\/2026\/08\/Mes-del-Arbol-Tgto-4-1024x683.jpeg 1024w, https:\/\/tupungato.gov.ar\/wp-content\/uploads\/2026\/08\/Mes-del-Arbol-Tgto-4-300x200.jpeg 300w, https:\/\/tupungato.gov.ar\/wp-content\/uploads\/2026\/08\/Mes-del-Arbol-Tgto-4-768x512.jpeg 768w, https:\/\/tupungato.gov.ar\/wp-content\/uploads\/2026\/08\/Mes-del-Arbol-Tgto-4-1536x1024.jpeg 1536w, https:\/\/tupungato.gov.ar\/wp-content\/uploads\/2026\/08\/Mes-del-Arbol-Tgto-4.jpeg 1620w\" sizes=\"(max-width: 1024px) 100vw, 1024px\" \/><\/figure>\n<\/figure>\n\n\n\n<p class=\"wp-block-paragraph\">Adem\u00e1s, el Municipio acompa\u00f1a un programa provincial destinado a productores rurales mediante la entrega de estacas de \u00e1lamos para la conformaci\u00f3n de cortinas forestales en fincas.<\/p>\n\n\n\n<p class=\"wp-block-paragraph\">Esta iniciativa busca contribuir a la adaptaci\u00f3n frente al cambio clim\u00e1tico, ya que las cortinas forestales permitir\u00e1n reducir la velocidad del viento, disminuir la erosi\u00f3n e\u00f3lica y favorecer la conservaci\u00f3n y estructura de los suelos.<\/p>\n\n\n\n<p class=\"wp-block-paragraph\">Las estacas est\u00e1n siendo entregadas a productores interesados a trav\u00e9s del Vivero Municipal, los d\u00edas martes y jueves de 10 a 12h.<\/p>\n\n\n\n<figure class=\"wp-block-gallery has-nested-images columns-default is-cropped wp-block-gallery-3 is-layout-flex wp-block-gallery-is-layout-flex\">\n<figure class=\"wp-block-image size-large\"><img loading=\"lazy\" decoding=\"async\" width=\"1024\" height=\"683\" data-id=\"58637\" src=\"https:\/\/tupungato.gov.ar\/wp-content\/uploads\/2026\/08\/Mes-del-Arbol-Tgto-8-1024x683.jpg\" alt=\"\" class=\"wp-image-58637\" srcset=\"https:\/\/tupungato.gov.ar\/wp-content\/uploads\/2026\/08\/Mes-del-Arbol-Tgto-8-1024x683.jpg 1024w, https:\/\/tupungato.gov.ar\/wp-content\/uploads\/2026\/08\/Mes-del-Arbol-Tgto-8-300x200.jpg 300w, https:\/\/tupungato.gov.ar\/wp-content\/uploads\/2026\/08\/Mes-del-Arbol-Tgto-8-768x512.jpg 768w, https:\/\/tupungato.gov.ar\/wp-content\/uploads\/2026\/08\/Mes-del-Arbol-Tgto-8-1536x1024.jpg 1536w, https:\/\/tupungato.gov.ar\/wp-content\/uploads\/2026\/08\/Mes-del-Arbol-Tgto-8.jpg 1620w\" sizes=\"(max-width: 1024px) 100vw, 1024px\" \/><\/figure>\n\n\n\n<figure class=\"wp-block-image size-large\"><img loading=\"lazy\" decoding=\"async\" width=\"1024\" height=\"683\" data-id=\"58639\" src=\"https:\/\/tupungato.gov.ar\/wp-content\/uploads\/2026\/08\/Mes-del-Arbol-Tgto-6-1024x683.jpg\" alt=\"\" class=\"wp-image-58639\" srcset=\"https:\/\/tupungato.gov.ar\/wp-content\/uploads\/2026\/08\/Mes-del-Arbol-Tgto-6-1024x683.jpg 1024w, https:\/\/tupungato.gov.ar\/wp-content\/uploads\/2026\/08\/Mes-del-Arbol-Tgto-6-300x200.jpg 300w, https:\/\/tupungato.gov.ar\/wp-content\/uploads\/2026\/08\/Mes-del-Arbol-Tgto-6-768x512.jpg 768w, https:\/\/tupungato.gov.ar\/wp-content\/uploads\/2026\/08\/Mes-del-Arbol-Tgto-6-1536x1024.jpg 1536w, https:\/\/tupungato.gov.ar\/wp-content\/uploads\/2026\/08\/Mes-del-Arbol-Tgto-6.jpg 1620w\" sizes=\"(max-width: 1024px) 100vw, 1024px\" \/><\/figure>\n\n\n\n<figure class=\"wp-block-image size-large\"><img loading=\"lazy\" decoding=\"async\" width=\"1024\" height=\"683\" data-id=\"58638\" src=\"https:\/\/tupungato.gov.ar\/wp-content\/uploads\/2026\/08\/Mes-del-Arbol-Tgto-7-1024x683.jpg\" alt=\"\" class=\"wp-image-58638\" srcset=\"https:\/\/tupungato.gov.ar\/wp-content\/uploads\/2026\/08\/Mes-del-Arbol-Tgto-7-1024x683.jpg 1024w, https:\/\/tupungato.gov.ar\/wp-content\/uploads\/2026\/08\/Mes-del-Arbol-Tgto-7-300x200.jpg 300w, https:\/\/tupungato.gov.ar\/wp-content\/uploads\/2026\/08\/Mes-del-Arbol-Tgto-7-768x512.jpg 768w, https:\/\/tupungato.gov.ar\/wp-content\/uploads\/2026\/08\/Mes-del-Arbol-Tgto-7-1536x1024.jpg 1536w, https:\/\/tupungato.gov.ar\/wp-content\/uploads\/2026\/08\/Mes-del-Arbol-Tgto-7.jpg 1620w\" sizes=\"(max-width: 1024px) 100vw, 1024px\" \/><\/figure>\n<\/figure>\n\n\n\n<p class=\"wp-block-paragraph\"><strong>Operativo preventivo sobre ejemplares en mal estado<\/strong><\/p>\n\n\n\n<p class=\"wp-block-paragraph\">En materia de seguridad, la responsable de Arbolado P\u00fablico inform\u00f3 que se ha realizado un trabajo conjunto con la Direcci\u00f3n de Biodiversidad y Ecoparque, la Delegaci\u00f3n Valle de Uco y la Direcci\u00f3n Provincial de Vialidad para inspeccionar ejemplares ubicados en calles y rutas principales de ingreso al departamento.<br><\/p>\n\n\n\n<p class=\"wp-block-paragraph\">A partir de estos relevamientos, se encuentra previsto un operativo de intervenci\u00f3n sobre \u00e1rboles senescentes o en condiciones que pueden representar un riesgo de ca\u00edda en el&nbsp;<strong>Boulevard Correa a partir de las 14h de este lunes 31 de agosto hasta las 18h<\/strong><\/p>\n\n\n\n<p class=\"wp-block-paragraph\">con continuidad durante los d\u00edas subsiguiente hasta finalizar la tarea planificada.<br><\/p>\n\n\n\n<p class=\"wp-block-paragraph\">Las tareas contemplaban cortes parciales, cortes totales y desv\u00edos temporales en determinados sectores, por lo que se solicita a los vecinos circular con precauci\u00f3n y respetar las indicaciones durante el desarrollo de los trabajos.<br><\/p>\n\n\n\n<p class=\"wp-block-paragraph\">Por \u00faltimo, la ingeniera Di Marco record\u00f3 que la poda indiscriminada se encuentra prohibida por la legislaci\u00f3n provincial de arbolado p\u00fablico y que las intervenciones sobre los ejemplares deben realizarse de manera responsable y con asesoramiento t\u00e9cnico.<br><\/p>\n\n\n\n<p class=\"wp-block-paragraph\">En este sentido, se remarc\u00f3 qu<strong>e los vecinos pueden acercarse al Municipio, de lunes a viernes de 7 a 14 horas,&nbsp;<\/strong>para realizar consultas o plantear situaciones relacionadas con el arbolado p\u00fablico.<\/p>\n\n\n\n<figure class=\"wp-block-audio\"><audio controls src=\"https:\/\/tupungato.gov.ar\/wp-content\/uploads\/2026\/08\/Intendente-5.mp3\"><\/audio><figcaption class=\"wp-element-caption\">Intendente<\/figcaption><\/figure>\n\n\n\n<figure class=\"wp-block-audio\"><audio controls src=\"https:\/\/tupungato.gov.ar\/wp-content\/uploads\/2026\/08\/Ing.-Maria-Emilia-Di-Marco.mp3\"><\/audio><figcaption class=\"wp-element-caption\">Ing. Mar\u00eda Emilia Di Marco<\/figcaption><\/figure>\n\n\n\n<figure class=\"wp-block-audio\"><audio controls src=\"https:\/\/tupungato.gov.ar\/wp-content\/uploads\/2026\/08\/Ing.-Haudet.mp3\"><\/audio><figcaption class=\"wp-element-caption\">Ing. Haudet<\/figcaption><\/figure>\n","protected":false},"excerpt":{"rendered":"<p>En el marco del Mes del \u00c1rbol, el Municipio de Tupungato llev\u00f3 adelante distintas iniciativas destinadas a promover la forestaci\u00f3n, [&hellip;]<\/p>\n","protected":false},"author":3,"featured_media":58631,"comment_status":"closed","ping_status":"closed","sticky":false,"template":"","format":"standard","meta":{"_acf_changed":false,"site-sidebar-layout":"default","site-content-layout":"","ast-site-content-layout":"default","site-content-style":"default","site-sidebar-style":"default","ast-global-header-display":"","ast-banner-title-visibility":"","ast-main-header-display":"","ast-hfb-above-header-display":"","ast-hfb-below-header-display":"","ast-hfb-mobile-header-display":"","site-post-title":"","ast-breadcrumbs-content":"","ast-featured-img":"","footer-sml-layout":"","ast-disable-related-posts":"","theme-transparent-header-meta":"","adv-header-id-meta":"","stick-header-meta":"","header-above-stick-meta":"","header-main-stick-meta":"","header-below-stick-meta":"","astra-migrate-meta-layouts":"default","ast-page-background-enabled":"default","ast-page-background-meta":{"desktop":{"background-color":"var(--ast-global-color-4)","background-image":"","background-repeat":"repeat","background-position":"center center","background-size":"auto","background-attachment":"scroll","background-type":"","background-media":"","overlay-type":"","overlay-color":"","overlay-opacity":"","overlay-gradient":""},"tablet":{"background-color":"","background-image":"","background-repeat":"repeat","background-position":"center center","background-size":"auto","background-attachment":"scroll","background-type":"","background-media":"","overlay-type":"","overlay-color":"","overlay-opacity":"","overlay-gradient":""},"mobile":{"background-color":"","background-image":"","background-repeat":"repeat","background-position":"center center","background-size":"auto","background-attachment":"scroll","background-type":"","background-media":"","overlay-type":"","overlay-color":"","overlay-opacity":"","overlay-gradient":""}},"ast-content-background-meta":{"desktop":{"background-color":"var(--ast-global-color-5)","background-image":"","background-repeat":"repeat","background-position":"center center","background-size":"auto","background-attachment":"scroll","background-type":"","background-media":"","overlay-type":"","overlay-color":"","overlay-opacity":"","overlay-gradient":""},"tablet":{"background-color":"var(--ast-global-color-5)","background-image":"","background-repeat":"repeat","background-position":"center center","background-size":"auto","background-attachment":"scroll","background-type":"","background-media":"","overlay-type":"","overlay-color":"","overlay-opacity":"","overlay-gradient":""},"mobile":{"background-color":"var(--ast-global-color-5)","background-image":"","background-repeat":"repeat","background-position":"center center","background-size":"auto","background-attachment":"scroll","background-type":"","background-media":"","overlay-type":"","overlay-color":"","overlay-opacity":"","overlay-gradient":""}},"footnotes":""},"categories":[1],"tags":[],"class_list":["post-58630","post","type-post","status-publish","format-standard","has-post-thumbnail","hentry","category-sin-categoria"],"acf":[],"_links":{"self":[{"href":"https:\/\/tupungato.gov.ar\/index.php?rest_route=\/wp\/v2\/posts\/58630","targetHints":{"allow":["GET"]}}],"collection":[{"href":"https:\/\/tupungato.gov.ar\/index.php?rest_route=\/wp\/v2\/posts"}],"about":[{"href":"https:\/\/tupungato.gov.ar\/index.php?rest_route=\/wp\/v2\/types\/post"}],"author":[{"embeddable":true,"href":"https:\/\/tupungato.gov.ar\/index.php?rest_route=\/wp\/v2\/users\/3"}],"replies":[{"embeddable":true,"href":"https:\/\/tupungato.gov.ar\/index.php?rest_route=%2Fwp%2Fv2%2Fcomments&post=58630"}],"version-history":[{"count":1,"href":"https:\/\/tupungato.gov.ar\/index.php?rest_route=\/wp\/v2\/posts\/58630\/revisions"}],"predecessor-version":[{"id":58643,"href":"https:\/\/tupungato.gov.ar\/index.php?rest_route=\/wp\/v2\/posts\/58630\/revisions\/58643"}],"wp:featuredmedia":[{"embeddable":true,"href":"https:\/\/tupungato.gov.ar\/index.php?rest_route=\/wp\/v2\/media\/58631"}],"wp:attachment":[{"href":"https:\/\/tupungato.gov.ar\/index.php?rest_route=%2Fwp%2Fv2%2Fmedia&parent=58630"}],"wp:term":[{"taxonomy":"category","embeddable":true,"href":"https:\/\/tupungato.gov.ar\/index.php?rest_route=%2Fwp%2Fv2%2Fcategories&post=58630"},{"taxonomy":"post_tag","embeddable":true,"href":"https:\/\/tupungato.gov.ar\/index.php?rest_route=%2Fwp%2Fv2%2Ftags&post=58630"}],"curies":[{"name":"wp","href":"https:\/\/api.w.org\/{rel}","templated":true}]}}