{"id":49375,"date":"2025-09-22T14:16:48","date_gmt":"2025-09-22T17:16:48","guid":{"rendered":"https:\/\/tupungato.gov.ar\/?p=49375"},"modified":"2025-09-22T14:16:48","modified_gmt":"2025-09-22T17:16:48","slug":"tupungato-fue-sede-provincial-del-encuentro-anual-de-red-y-fortalecimiento-institucional-y-gubernamental","status":"publish","type":"post","link":"https:\/\/tupungato.gov.ar\/?p=49375","title":{"rendered":"Tupungato fue sede provincial del Encuentro Anual de Red y Fortalecimiento Institucional y Gubernamental"},"content":{"rendered":"\n<h3 class=\"wp-block-heading\"><strong>\u00a0La jornada tuvo como objetivo consolidar un c\u00edrculo de apoyo e intercambio de experiencias entre los diferentes actores involucrados en la protecci\u00f3n y promoci\u00f3n de derechos vulnerados a mujeres y personas del colectivo LGTBIQ+.<\/strong><\/h3>\n\n\n\n<p>El viernes pasado se llev\u00f3 a cabo en el Hotel Turismo Tupungato el&nbsp;<em>Encuentro Anual de Red y Fortalecimiento Institucional y Gubernamental<\/em>, un evento que reuni\u00f3 a profesionales, autoridades gubernamentales y miembros de la sociedad civil con el objetivo de reflexionar y compartir conocimientos sobre los desaf\u00edos y avances en el \u00e1mbito de G\u00e9nero y Diversidad.&nbsp;<\/p>\n\n\n\n<figure class=\"wp-block-gallery has-nested-images columns-default is-cropped wp-block-gallery-1 is-layout-flex wp-block-gallery-is-layout-flex\">\n<figure class=\"wp-block-image size-large\"><img fetchpriority=\"high\" decoding=\"async\" width=\"1024\" height=\"683\" data-id=\"49378\" src=\"https:\/\/tupungato.gov.ar\/wp-content\/uploads\/2025\/09\/Encuentro-Anual-Provincial-Genero-y-Diversidad-Tgto.-3-1024x683.jpg\" alt=\"\" class=\"wp-image-49378\" srcset=\"https:\/\/tupungato.gov.ar\/wp-content\/uploads\/2025\/09\/Encuentro-Anual-Provincial-Genero-y-Diversidad-Tgto.-3-1024x683.jpg 1024w, https:\/\/tupungato.gov.ar\/wp-content\/uploads\/2025\/09\/Encuentro-Anual-Provincial-Genero-y-Diversidad-Tgto.-3-300x200.jpg 300w, https:\/\/tupungato.gov.ar\/wp-content\/uploads\/2025\/09\/Encuentro-Anual-Provincial-Genero-y-Diversidad-Tgto.-3-768x512.jpg 768w, https:\/\/tupungato.gov.ar\/wp-content\/uploads\/2025\/09\/Encuentro-Anual-Provincial-Genero-y-Diversidad-Tgto.-3-1536x1024.jpg 1536w, https:\/\/tupungato.gov.ar\/wp-content\/uploads\/2025\/09\/Encuentro-Anual-Provincial-Genero-y-Diversidad-Tgto.-3.jpg 1620w\" sizes=\"(max-width: 1024px) 100vw, 1024px\" \/><\/figure>\n\n\n\n<figure class=\"wp-block-image size-large\"><img decoding=\"async\" width=\"1024\" height=\"683\" data-id=\"49377\" src=\"https:\/\/tupungato.gov.ar\/wp-content\/uploads\/2025\/09\/Encuentro-Anual-Provincial-Genero-y-Diversidad-Tgto.-1-1024x683.jpg\" alt=\"\" class=\"wp-image-49377\" srcset=\"https:\/\/tupungato.gov.ar\/wp-content\/uploads\/2025\/09\/Encuentro-Anual-Provincial-Genero-y-Diversidad-Tgto.-1-1024x683.jpg 1024w, https:\/\/tupungato.gov.ar\/wp-content\/uploads\/2025\/09\/Encuentro-Anual-Provincial-Genero-y-Diversidad-Tgto.-1-300x200.jpg 300w, https:\/\/tupungato.gov.ar\/wp-content\/uploads\/2025\/09\/Encuentro-Anual-Provincial-Genero-y-Diversidad-Tgto.-1-768x512.jpg 768w, https:\/\/tupungato.gov.ar\/wp-content\/uploads\/2025\/09\/Encuentro-Anual-Provincial-Genero-y-Diversidad-Tgto.-1-1536x1024.jpg 1536w, https:\/\/tupungato.gov.ar\/wp-content\/uploads\/2025\/09\/Encuentro-Anual-Provincial-Genero-y-Diversidad-Tgto.-1.jpg 1620w\" sizes=\"(max-width: 1024px) 100vw, 1024px\" \/><\/figure>\n\n\n\n<figure class=\"wp-block-image size-large\"><img decoding=\"async\" width=\"1024\" height=\"683\" data-id=\"49379\" src=\"https:\/\/tupungato.gov.ar\/wp-content\/uploads\/2025\/09\/Encuentro-Anual-Provincial-Genero-y-Diversidad-Tgto.-2-1024x683.jpg\" alt=\"\" class=\"wp-image-49379\" srcset=\"https:\/\/tupungato.gov.ar\/wp-content\/uploads\/2025\/09\/Encuentro-Anual-Provincial-Genero-y-Diversidad-Tgto.-2-1024x683.jpg 1024w, https:\/\/tupungato.gov.ar\/wp-content\/uploads\/2025\/09\/Encuentro-Anual-Provincial-Genero-y-Diversidad-Tgto.-2-300x200.jpg 300w, https:\/\/tupungato.gov.ar\/wp-content\/uploads\/2025\/09\/Encuentro-Anual-Provincial-Genero-y-Diversidad-Tgto.-2-768x512.jpg 768w, https:\/\/tupungato.gov.ar\/wp-content\/uploads\/2025\/09\/Encuentro-Anual-Provincial-Genero-y-Diversidad-Tgto.-2-1536x1024.jpg 1536w, https:\/\/tupungato.gov.ar\/wp-content\/uploads\/2025\/09\/Encuentro-Anual-Provincial-Genero-y-Diversidad-Tgto.-2-2048x1365.jpg 2048w\" sizes=\"(max-width: 1024px) 100vw, 1024px\" \/><\/figure>\n<\/figure>\n\n\n\n<p>El Encuentro inici\u00f3 pasadas las 10h con palabras de la Directora provincial de G\u00e9nero y Diversidad, Fernanda Urquiza, la Dra. Bel\u00e9n Gonz\u00e1lez, en representaci\u00f3n del Ministerio de Seguridad y Justicia, el Intendente Gustavo Aguilera y la Coordinadora de G\u00e9nero, Diversidad y Masculinidad departamental, Aisha Loreley Quiroga.&nbsp;&nbsp;<\/p>\n\n\n\n<p>A continuaci\u00f3n el encuentro tuvo una serie de exposiciones y capacitaciones a cargo de reconocidas expertas en diversas \u00e1reas del derecho y la defensa de los derechos humanos.<\/p>\n\n\n\n<p><strong>Agenda del Evento<\/strong><\/p>\n\n\n\n<p>La primera en exponer fue la Dra. Gabriela Echenique &#8211; Abogada de la Direcci\u00f3n de G\u00e9nero y Diversidad Provincial- quien refiri\u00f3 a&nbsp;<em>Infancias y Adolescencias Trans: Dispositivo de atenci\u00f3n y acompa\u00f1amiento familiar<\/em>.<\/p>\n\n\n\n<p>Continu\u00f3 la ponencia la Abogada Agostina Bordon Carratal\u00e1, Directora de G\u00e9nero y Diversidad de la Universidad Nacional de Cuyo con&nbsp;<em>Protocolos de actuaci\u00f3n y esquemas de trabajo en la Universidad P\u00fablica<\/em>.<\/p>\n\n\n\n<p>A continuaci\u00f3n la Dra. Rebeca Natalia Ropero -Abogada, Conjueza de Familia y Violencia Familiar, Tupungato- dio una charla acerca de&nbsp;<em>Actuaci\u00f3n Judicial en los procesos de violencias. Distintas vulnerabilidades<\/em>.<\/p>\n\n\n\n<p>Despu\u00e9s fue el turno de la Dra. Mar\u00eda Victoria Rosas -Abogada, Asesora de Ni\u00f1as, Ni\u00f1os, Adolescentes y Adultos con capacidad restringida y discapacidad de Tupungato y San Carlos (Ministerio P\u00fablico de la Defensa y Pupilar)- quien dialog\u00f3 sobre el&nbsp;<em>Impacto de los estereotipos en la ni\u00f1ez y adolescencia: Causas y consecuencias<\/em>.<\/p>\n\n\n\n<p>La Dra. Rosas cedi\u00f3 espacio a su colega Pamela Cuartara -Directora de la Direcci\u00f3n de la Mujer, G\u00e9nero y Diversidad de la Corte Suprema de Mendoza- &nbsp;que explic\u00f3 los&nbsp;<em>Ejes fundamentales dentro de la Direcci\u00f3n de la Mujer, G\u00e9nero y Diversidad.<\/em><\/p>\n\n\n\n<p>Luego fue el momento de la Mag. Daniela Montalto -Secretaria de la Direcci\u00f3n de Enlace Institucional de la Procuraci\u00f3n General- con&nbsp;<em>Buenas pr\u00e1cticas del Ministerio P\u00fablico Fiscal: Recepci\u00f3n de denuncia, atenci\u00f3n y derivaci\u00f3n responsable a mujeres en situaci\u00f3n de violencia<\/em>.<\/p>\n\n\n\n<p>Las pen\u00faltimas expositoras fueron Georgina Cicchitti y Carina Miranda de la Direcci\u00f3n de Discapacidad Provincial con&nbsp;<em>Redes de Inclusi\u00f3n<\/em>.<\/p>\n\n\n\n<p>El cierre estuvo a cargo del equipo t\u00e9cnico del Centro Preventivo Asistencial en Adicciones sobre<em>&nbsp;Salud Mental y Consumo Problem\u00e1tico dentro del encuadre de Violencia de G\u00e9nero<\/em>.<\/p>\n\n\n\n<p>La jornada fue una oportunidad para reflexionar sobre el trabajo interinstitucional, el rol de la justicia y la importancia de generar pr\u00e1cticas integrales que fortalezcan la autonom\u00eda de quienes atraviesan situaciones de violencia y vulnerabilidad.<\/p>\n\n\n\n<figure class=\"wp-block-audio\"><audio controls src=\"https:\/\/tupungato.gov.ar\/wp-content\/uploads\/2025\/09\/Intendente.mp3\"><\/audio><figcaption class=\"wp-element-caption\">Intendente<\/figcaption><\/figure>\n\n\n\n<figure class=\"wp-block-audio\"><audio controls src=\"https:\/\/tupungato.gov.ar\/wp-content\/uploads\/2025\/09\/Dir.-Urquiza.mp3\"><\/audio><figcaption class=\"wp-element-caption\">Dir. Urquiza<\/figcaption><\/figure>\n\n\n\n<figure class=\"wp-block-audio\"><audio controls src=\"https:\/\/tupungato.gov.ar\/wp-content\/uploads\/2025\/09\/Coord.-Quiroga.mp3\"><\/audio><figcaption class=\"wp-element-caption\">Coord. Quiroga<\/figcaption><\/figure>\n","protected":false},"excerpt":{"rendered":"<p>\u00a0La jornada tuvo como objetivo consolidar un c\u00edrculo de apoyo e intercambio de experiencias entre los diferentes actores involucrados en [&hellip;]<\/p>\n","protected":false},"author":3,"featured_media":49376,"comment_status":"closed","ping_status":"","sticky":false,"template":"","format":"standard","meta":{"_acf_changed":false,"site-sidebar-layout":"default","site-content-layout":"","ast-site-content-layout":"default","site-content-style":"default","site-sidebar-style":"default","ast-global-header-display":"","ast-banner-title-visibility":"","ast-main-header-display":"","ast-hfb-above-header-display":"","ast-hfb-below-header-display":"","ast-hfb-mobile-header-display":"","site-post-title":"","ast-breadcrumbs-content":"","ast-featured-img":"","footer-sml-layout":"","ast-disable-related-posts":"","theme-transparent-header-meta":"","adv-header-id-meta":"","stick-header-meta":"","header-above-stick-meta":"","header-main-stick-meta":"","header-below-stick-meta":"","astra-migrate-meta-layouts":"default","ast-page-background-enabled":"default","ast-page-background-meta":{"desktop":{"background-color":"var(--ast-global-color-4)","background-image":"","background-repeat":"repeat","background-position":"center center","background-size":"auto","background-attachment":"scroll","background-type":"","background-media":"","overlay-type":"","overlay-color":"","overlay-opacity":"","overlay-gradient":""},"tablet":{"background-color":"","background-image":"","background-repeat":"repeat","background-position":"center center","background-size":"auto","background-attachment":"scroll","background-type":"","background-media":"","overlay-type":"","overlay-color":"","overlay-opacity":"","overlay-gradient":""},"mobile":{"background-color":"","background-image":"","background-repeat":"repeat","background-position":"center center","background-size":"auto","background-attachment":"scroll","background-type":"","background-media":"","overlay-type":"","overlay-color":"","overlay-opacity":"","overlay-gradient":""}},"ast-content-background-meta":{"desktop":{"background-color":"var(--ast-global-color-5)","background-image":"","background-repeat":"repeat","background-position":"center center","background-size":"auto","background-attachment":"scroll","background-type":"","background-media":"","overlay-type":"","overlay-color":"","overlay-opacity":"","overlay-gradient":""},"tablet":{"background-color":"var(--ast-global-color-5)","background-image":"","background-repeat":"repeat","background-position":"center center","background-size":"auto","background-attachment":"scroll","background-type":"","background-media":"","overlay-type":"","overlay-color":"","overlay-opacity":"","overlay-gradient":""},"mobile":{"background-color":"var(--ast-global-color-5)","background-image":"","background-repeat":"repeat","background-position":"center center","background-size":"auto","background-attachment":"scroll","background-type":"","background-media":"","overlay-type":"","overlay-color":"","overlay-opacity":"","overlay-gradient":""}},"footnotes":""},"categories":[1],"tags":[],"class_list":["post-49375","post","type-post","status-publish","format-standard","has-post-thumbnail","hentry","category-sin-categoria"],"acf":[],"_links":{"self":[{"href":"https:\/\/tupungato.gov.ar\/index.php?rest_route=\/wp\/v2\/posts\/49375","targetHints":{"allow":["GET"]}}],"collection":[{"href":"https:\/\/tupungato.gov.ar\/index.php?rest_route=\/wp\/v2\/posts"}],"about":[{"href":"https:\/\/tupungato.gov.ar\/index.php?rest_route=\/wp\/v2\/types\/post"}],"author":[{"embeddable":true,"href":"https:\/\/tupungato.gov.ar\/index.php?rest_route=\/wp\/v2\/users\/3"}],"replies":[{"embeddable":true,"href":"https:\/\/tupungato.gov.ar\/index.php?rest_route=%2Fwp%2Fv2%2Fcomments&post=49375"}],"version-history":[{"count":1,"href":"https:\/\/tupungato.gov.ar\/index.php?rest_route=\/wp\/v2\/posts\/49375\/revisions"}],"predecessor-version":[{"id":49383,"href":"https:\/\/tupungato.gov.ar\/index.php?rest_route=\/wp\/v2\/posts\/49375\/revisions\/49383"}],"wp:featuredmedia":[{"embeddable":true,"href":"https:\/\/tupungato.gov.ar\/index.php?rest_route=\/wp\/v2\/media\/49376"}],"wp:attachment":[{"href":"https:\/\/tupungato.gov.ar\/index.php?rest_route=%2Fwp%2Fv2%2Fmedia&parent=49375"}],"wp:term":[{"taxonomy":"category","embeddable":true,"href":"https:\/\/tupungato.gov.ar\/index.php?rest_route=%2Fwp%2Fv2%2Fcategories&post=49375"},{"taxonomy":"post_tag","embeddable":true,"href":"https:\/\/tupungato.gov.ar\/index.php?rest_route=%2Fwp%2Fv2%2Ftags&post=49375"}],"curies":[{"name":"wp","href":"https:\/\/api.w.org\/{rel}","templated":true}]}}