{"id":49354,"date":"2025-09-19T13:43:19","date_gmt":"2025-09-19T16:43:19","guid":{"rendered":"https:\/\/tupungato.gov.ar\/?p=49354"},"modified":"2025-09-19T13:43:39","modified_gmt":"2025-09-19T16:43:39","slug":"tupungato-estudiantil-se-reprogramo-la-presentacion-de-las-promos-y-candidatos-2026","status":"publish","type":"post","link":"https:\/\/tupungato.gov.ar\/?p=49354","title":{"rendered":"Tupungato Estudiantil: se reprogram\u00f3 la Presentaci\u00f3n de las Promos\u00a0y\u00a0Candidatos\u00a02026"},"content":{"rendered":"\n<h3 class=\"wp-block-heading\"><strong>Debido a las inclemencias clim\u00e1ticas pronosticadas para este fin de semana,\u00a0el Intendente Municipal Gustavo Aguilera\u00a0en di\u00e1logo con los estudiantes\u00a0decidi\u00f3 posponer un par de d\u00edas el evento previsto y se realizar\u00e1 la semana que viene.<\/strong><\/h3>\n\n\n\n<p>La Presentaci\u00f3n de&nbsp;los Candidatos a Representantes Estudiantiles&nbsp;<strong>se realizar\u00e1 el jueves 25 de septiembre durante las finales de la Semana Deportiva en el Poli&nbsp;<\/strong>y la muestra coreogr\u00e1fica y de indumentaria de las&nbsp;<\/p>\n\n\n\n<p>Promos 2026\u00a0\u00a0fue\u00a0<strong>reprogramada para el\u00a0domingo\u00a028\u00a0de septiembre a partir de las 17h\u00a0tambi\u00e9n en el centro deportivo<\/strong>, donde los chicos, las chicas y familias podr\u00e1n\u00a0compartir la puesta\u00a0de quienes egresan el a\u00f1o que viene. La jornada tendr\u00e1 la m\u00fasica\u00a0de\u00a0DJ Franco Fuligna, tambi\u00e9n se presentar\u00e1 la Banda tropical Bye Bye, habr\u00e1 emprendedores del Paseo Artesanal\u00a0y emprendimientos\u00a0ofreciendo sus productos\u00a0junto a\u00a0foodtrucks para quienes quieran consumir alguna comida o bebida.\u00a0<\/p>\n\n\n\n<p><br><strong>Sorteo Primavera<br><\/strong>Adem\u00e1s ese d\u00eda\u00a028 de septiembre\u00a0se realizar\u00e1 el sorteo de la Moto de 110cc y del celular, los n\u00fameros para participar de esta rifa los est\u00e1n vendiendo los estudiantes de las promos 2025, con el objetivo de recaudar fondos para destinarlos a sus cenas o viajes de egresados.\u00a0<br>Asimismo la\u00a0<strong>Far\u00e1ndula Estudiantil<\/strong>\u00a0contin\u00faa con la fecha programada, el\u00a0<strong>s\u00e1bado 27 de septiembre,<\/strong>\u00a0por Av. Belgrano\u00a0con el recorrido de los carros\u00a0y\u00a0<em>la Elecci\u00f3n y la Coronaci\u00f3n de los nuevos Representantes Estudiantiles<\/em>\u00a0para lo\u00a0que\u00a0resta del 2025 y lo que viene del 2026,\u00a0con un cierre art\u00edstico a cargo de la\u00a0<strong>Skandalosa Tripulaci\u00f3n,<\/strong>\u00a0banda mendocina que fusiona los g\u00e9neros de rock, ska, folklore y hip hop.<\/p>\n\n\n\n<p>\u00a0<br><strong>Candidatos y Candidatas Estudiantiles 2025<\/strong><br><strong>N\u00b0 1 Esc. Rep\u00fablica Italiana<\/strong><br><strong>Reina<\/strong>\u00a0Julieta Torres<br><strong>Rey<\/strong>\u00a0Mart\u00edn Su\u00f1er<br><strong>Princesa<\/strong>\u00a0Sabrina Cervilla\u00a0<br><strong>Pr\u00edncipe<\/strong>\u00a0Adriel Nu\u00f1ez<\/p>\n\n\n\n<p><br><strong>N\u00b0 2 Esc. Alma de Monta\u00f1a\u00a0<\/strong><br><strong>Reina<\/strong>\u00a0Mia Vera<br><strong>Rey\u00a0<\/strong>Eric Pe\u00f1a<br><strong>Princesa<\/strong>\u00a0Guadalupe Oyarce<br><strong>Pr\u00edncipe<\/strong>\u00a0Thiago Gomez<br><br><strong>N\u00b0 3 Escuela Cristiana Evang\u00e9lica Argentina<\/strong><br><strong>Reina<\/strong>\u00a0Candela Sarmiento<br><strong>Rey<\/strong>\u00a0Mat\u00edas\u00a0Zeballos<br><strong>Princesa<\/strong>\u00a0Bianca Zingaretti<br><strong>Pr\u00edncipe<\/strong>\u00a0Bautista Castro<br><br><strong>N\u00b0 4 Esc. Domingo F. Sarmiento<\/strong><br><strong>Reina<\/strong>\u00a0Martina Gui\u00f1az\u00fa<br><strong>Rey<\/strong>\u00a0Mariano Rivero<br><strong>Princesa<\/strong>\u00a0Luna Herrera<br><strong>Pr\u00edncipe<\/strong>\u00a0Thiago Anzorena<br><br><strong>N\u00b0 5 Esc. Antonio Mat\u00edas Iriarte<\/strong><br><strong>Reina<\/strong>\u00a0Brisa Parra<br><strong>Rey<\/strong>\u00a0Nicol\u00e1s Torres<br><strong>Princesa<\/strong>\u00a0Giuliana Ceipe<br><strong>Pr\u00edncipe<\/strong>\u00a0\u00c1ngel Castillo<br><br><strong>N\u00b0 6 Esc. Dr. Ernesto Piaggi<\/strong><br><strong>Reina\u00a0<\/strong>Juliana Gomez<br><strong>Rey<\/strong>\u00a0M\u00e1ximo Estrella<br><strong>Princesa<\/strong>\u00a0Mar\u00eda Elena Molina<br><strong>Pr\u00edncipe<\/strong>\u00a0M\u00e1ximo Benitez<br><br><strong>N\u00b0 7 Esc. Omar Santana<\/strong><br><strong>Reina\u00a0<\/strong>Milagros Quintana<br><strong>Rey<\/strong>\u00a0Nehemias Aguero<br><strong>Princesa<\/strong>\u00a0Ruth Mu\u00f1oz<br><strong>Pr\u00edncipe<\/strong>\u00a0Oscar Mu\u00f1oz<br><br><strong>N\u00b0 8 Esc. Ojo de Agua<\/strong><br><strong>Reina<\/strong>\u00a0Marcela Narvaez<br><strong>Rey\u00a0<\/strong>Luciano Paz<br><strong>Princesa\u00a0<\/strong>Abril Paz<br><strong>Pr\u00edncipe<\/strong>\u00a0Jerem\u00edas Paz<br><br><strong>N\u00b0 9 Esc. Camilo Carballo<\/strong><br><strong>Reina\u00a0<\/strong>Trinidad Alaniz<br><strong>Rey<\/strong>\u00a0Jos\u00e9 Sabatini<br><strong>Princesa<\/strong>\u00a0Camila Arce<br><strong>Pr\u00edncipe<\/strong>\u00a0Dylan Castro<br><br><strong>N\u00b0 10 Esc. Compa\u00f1\u00eda de Mar\u00eda<\/strong><br><strong>Reina\u00a0<\/strong>Pia Nu\u00f1ez<br><strong>Rey<\/strong>\u00a0Federico Zingaretti<br><strong>Princesa<\/strong>\u00a0Rocio Grosso<br><strong>Pr\u00edncipe<\/strong>\u00a0Joaqu\u00edn Guidone<br><br><strong>N\u00b0 11 Esc. 4-265<\/strong><br><strong>Reina<\/strong>\u00a0Camila Torres<br><strong>Rey<\/strong>\u00a0Franco Ovejero<br><strong>Princesa<\/strong>\u00a0Alma Ovejero<br><strong>Pr\u00edncipe<\/strong>\u00a0Tomas Salas<\/p>\n\n\n\n<figure class=\"wp-block-audio\"><audio controls src=\"https:\/\/tupungato.gov.ar\/wp-content\/uploads\/2025\/09\/Coord.-Juventudes.mp3\"><\/audio><figcaption class=\"wp-element-caption\">Coord. Juventudes Santiago Reyes<\/figcaption><\/figure>\n","protected":false},"excerpt":{"rendered":"<p>Debido a las inclemencias clim\u00e1ticas pronosticadas para este fin de semana,\u00a0el Intendente Municipal Gustavo Aguilera\u00a0en di\u00e1logo con los estudiantes\u00a0decidi\u00f3 posponer [&hellip;]<\/p>\n","protected":false},"author":3,"featured_media":49355,"comment_status":"closed","ping_status":"","sticky":false,"template":"","format":"standard","meta":{"_acf_changed":false,"site-sidebar-layout":"default","site-content-layout":"","ast-site-content-layout":"default","site-content-style":"default","site-sidebar-style":"default","ast-global-header-display":"","ast-banner-title-visibility":"","ast-main-header-display":"","ast-hfb-above-header-display":"","ast-hfb-below-header-display":"","ast-hfb-mobile-header-display":"","site-post-title":"","ast-breadcrumbs-content":"","ast-featured-img":"","footer-sml-layout":"","ast-disable-related-posts":"","theme-transparent-header-meta":"","adv-header-id-meta":"","stick-header-meta":"","header-above-stick-meta":"","header-main-stick-meta":"","header-below-stick-meta":"","astra-migrate-meta-layouts":"default","ast-page-background-enabled":"default","ast-page-background-meta":{"desktop":{"background-color":"var(--ast-global-color-4)","background-image":"","background-repeat":"repeat","background-position":"center center","background-size":"auto","background-attachment":"scroll","background-type":"","background-media":"","overlay-type":"","overlay-color":"","overlay-opacity":"","overlay-gradient":""},"tablet":{"background-color":"","background-image":"","background-repeat":"repeat","background-position":"center center","background-size":"auto","background-attachment":"scroll","background-type":"","background-media":"","overlay-type":"","overlay-color":"","overlay-opacity":"","overlay-gradient":""},"mobile":{"background-color":"","background-image":"","background-repeat":"repeat","background-position":"center center","background-size":"auto","background-attachment":"scroll","background-type":"","background-media":"","overlay-type":"","overlay-color":"","overlay-opacity":"","overlay-gradient":""}},"ast-content-background-meta":{"desktop":{"background-color":"var(--ast-global-color-5)","background-image":"","background-repeat":"repeat","background-position":"center center","background-size":"auto","background-attachment":"scroll","background-type":"","background-media":"","overlay-type":"","overlay-color":"","overlay-opacity":"","overlay-gradient":""},"tablet":{"background-color":"var(--ast-global-color-5)","background-image":"","background-repeat":"repeat","background-position":"center center","background-size":"auto","background-attachment":"scroll","background-type":"","background-media":"","overlay-type":"","overlay-color":"","overlay-opacity":"","overlay-gradient":""},"mobile":{"background-color":"var(--ast-global-color-5)","background-image":"","background-repeat":"repeat","background-position":"center center","background-size":"auto","background-attachment":"scroll","background-type":"","background-media":"","overlay-type":"","overlay-color":"","overlay-opacity":"","overlay-gradient":""}},"footnotes":""},"categories":[1],"tags":[],"class_list":["post-49354","post","type-post","status-publish","format-standard","has-post-thumbnail","hentry","category-sin-categoria"],"acf":[],"_links":{"self":[{"href":"https:\/\/tupungato.gov.ar\/index.php?rest_route=\/wp\/v2\/posts\/49354","targetHints":{"allow":["GET"]}}],"collection":[{"href":"https:\/\/tupungato.gov.ar\/index.php?rest_route=\/wp\/v2\/posts"}],"about":[{"href":"https:\/\/tupungato.gov.ar\/index.php?rest_route=\/wp\/v2\/types\/post"}],"author":[{"embeddable":true,"href":"https:\/\/tupungato.gov.ar\/index.php?rest_route=\/wp\/v2\/users\/3"}],"replies":[{"embeddable":true,"href":"https:\/\/tupungato.gov.ar\/index.php?rest_route=%2Fwp%2Fv2%2Fcomments&post=49354"}],"version-history":[{"count":2,"href":"https:\/\/tupungato.gov.ar\/index.php?rest_route=\/wp\/v2\/posts\/49354\/revisions"}],"predecessor-version":[{"id":49358,"href":"https:\/\/tupungato.gov.ar\/index.php?rest_route=\/wp\/v2\/posts\/49354\/revisions\/49358"}],"wp:featuredmedia":[{"embeddable":true,"href":"https:\/\/tupungato.gov.ar\/index.php?rest_route=\/wp\/v2\/media\/49355"}],"wp:attachment":[{"href":"https:\/\/tupungato.gov.ar\/index.php?rest_route=%2Fwp%2Fv2%2Fmedia&parent=49354"}],"wp:term":[{"taxonomy":"category","embeddable":true,"href":"https:\/\/tupungato.gov.ar\/index.php?rest_route=%2Fwp%2Fv2%2Fcategories&post=49354"},{"taxonomy":"post_tag","embeddable":true,"href":"https:\/\/tupungato.gov.ar\/index.php?rest_route=%2Fwp%2Fv2%2Ftags&post=49354"}],"curies":[{"name":"wp","href":"https:\/\/api.w.org\/{rel}","templated":true}]}}