{"id":49349,"date":"2025-09-18T13:34:36","date_gmt":"2025-09-18T16:34:36","guid":{"rendered":"https:\/\/tupungato.gov.ar\/?p=49349"},"modified":"2025-09-18T13:34:36","modified_gmt":"2025-09-18T16:34:36","slug":"la-municipalidad-de-tupungato-celebro-el-dia-del-profesor-con-la-entrega-de-cafeteras-a-instituciones-educativas-de-nivel-secundario","status":"publish","type":"post","link":"https:\/\/tupungato.gov.ar\/?p=49349","title":{"rendered":"La Municipalidad de Tupungato celebr\u00f3 el D\u00eda del Profesor con la entrega de cafeteras a instituciones educativas de nivel secundario"},"content":{"rendered":"\n<h3 class=\"wp-block-heading\"><strong>A trav\u00e9s de la gesti\u00f3n del Intendente Aguilera se\u00a0impulsan\u00a0diversas iniciativas en beneficio de la comunidad, con un \u00e9nfasis especial en la educaci\u00f3n.\u00a0<\/strong><\/h3>\n\n\n\n<p>Ayer por la ma\u00f1ana en conmemoraci\u00f3n del&nbsp;<em>D\u00eda del Profesor<\/em>, la Muni a trav\u00e9s de la Direcci\u00f3n de Educaci\u00f3n, obsequi\u00f3 cafeteras a diversas instituciones educativas de nivel secundario de la localidad, como un reconocimiento a la dedicaci\u00f3n y esfuerzo de los docentes en su labor diaria.&nbsp;La entrega de estos electrodom\u00e9sticos estuvo presidida por el mandatario de Tupungato, quien expres\u00f3 su agradecimiento y admiraci\u00f3n hacia los educadores&nbsp;<em>\u00ab&#8230;este 17 de septiembre, estamos homenajeando a quienes en el secundario contienen a esos chicos, todos los d\u00edas sembrando conocimiento con paciencia y tambi\u00e9n despertando pasiones, porque es en el secundario cuando decidimos qu\u00e9 hacer en el futuro. Entonces, esas personas, esos hombres y mujeres, esos profes que est\u00e1n todos los d\u00edas inculcando el saber, son los que est\u00e1n despertando un ma\u00f1ana, que est\u00e1n haciendo del presente el futuro\u00bb.<\/em><\/p>\n\n\n\n<p>En total se distribuyeron&nbsp;<strong>11 cafeteras<\/strong>, pensadas principalmente para los&nbsp;profes, pero&nbsp;<strong>tambi\u00e9n para compartir con preceptores&nbsp;que hoy 18 de septiembre justamente es su d\u00eda<\/strong>, acompa\u00f1ando su labor diaria y generando espacios de encuentro dentro de cada instituci\u00f3n.<\/p>\n\n\n\n<p>Una de las docentes que recibi\u00f3 el presente fue la Regente de la Esc. Rep\u00fablica Italiana, Patricia Garc\u00eda quien comparti\u00f3 un testimonio en nombre de los educadores,&nbsp;\u00ab<em>Llevo 21 a\u00f1os en la docencia, en la gesti\u00f3n cuatro a\u00f1os, la verdad que el rol nuestro hoy no solamente es educar, es contener, acompa\u00f1ar, tener una escucha activa, mediar y muchas veces sostener las trayectorias, ir a las casas, buscar a los chicos, contener a las familias, las problem\u00e1ticas sociales, todo lo que es de consumo, salud mental. Estamos tratando de abordar desde distintas \u00e1reas todas las problem\u00e1ticas y las situaciones y tambi\u00e9n el compromiso que los docentes ponen a manifestar lo que escuchan en el aula, a sostener, a acompa\u00f1ar con un mensaje, con un abrazo, con una palabra de aliento. Como todos sabemos, esta etapa es cr\u00edtica, el adolescente est\u00e1 en una etapa de transformaci\u00f3n, busc\u00e1ndose, entonces tratamos de brindarles esa contenci\u00f3n y que ellos en la escuela encuentren no solamente el lugar donde van a aprender, sino el lugar que tambi\u00e9n pueden encontrar una persona que los escuche, una persona que los gu\u00ede y ya tambi\u00e9n hasta un referente para la toma de sus decisiones\u00bb.<\/em><\/p>\n\n\n\n<p>La educadora agradeci\u00f3 las propuestas de la Municipalidad para agasajarlos con este regalo y tambi\u00e9n con el encuentro deportivo que tuvieron el pasado 11 de septiembre,\u00a0\u00a0<em>\u00abNosotros agradecidos con la Municipalidad, el \u00c1rea de Educaci\u00f3n, el se\u00f1or Intendente por brindarnos estos espacios y sobre todo este a\u00f1o habernos tenido en cuenta en este festejo, fue hermoso encontrarnos con colegas de distintos niveles, m\u00e1s all\u00e1 del torneo, sino el compartir, el distraernos y estar en otro \u00e1mbito que nos hac\u00eda m\u00e1s humanos y hasta disfrutar de otras instancias relajadas\u00bb.<\/em><\/p>\n\n\n\n<figure class=\"wp-block-audio\"><audio controls src=\"https:\/\/tupungato.gov.ar\/wp-content\/uploads\/2025\/09\/Int.-Gustavo-Aguilera.mp3\"><\/audio><figcaption class=\"wp-element-caption\">Intendente Gustavo Aguilera<\/figcaption><\/figure>\n\n\n\n<figure class=\"wp-block-audio\"><audio controls src=\"https:\/\/tupungato.gov.ar\/wp-content\/uploads\/2025\/09\/Regente-Esc.-Republica-Italiana.mp3\"><\/audio><figcaption class=\"wp-element-caption\">Regente Esc. Rep\u00fablica Italiana Patricia Garc\u00eda<\/figcaption><\/figure>\n\n\n\n<p><br><\/p>\n","protected":false},"excerpt":{"rendered":"<p>A trav\u00e9s de la gesti\u00f3n del Intendente Aguilera se\u00a0impulsan\u00a0diversas iniciativas en beneficio de la comunidad, con un \u00e9nfasis especial en [&hellip;]<\/p>\n","protected":false},"author":3,"featured_media":49350,"comment_status":"closed","ping_status":"","sticky":false,"template":"","format":"standard","meta":{"_acf_changed":false,"site-sidebar-layout":"default","site-content-layout":"","ast-site-content-layout":"default","site-content-style":"default","site-sidebar-style":"default","ast-global-header-display":"","ast-banner-title-visibility":"","ast-main-header-display":"","ast-hfb-above-header-display":"","ast-hfb-below-header-display":"","ast-hfb-mobile-header-display":"","site-post-title":"","ast-breadcrumbs-content":"","ast-featured-img":"","footer-sml-layout":"","ast-disable-related-posts":"","theme-transparent-header-meta":"","adv-header-id-meta":"","stick-header-meta":"","header-above-stick-meta":"","header-main-stick-meta":"","header-below-stick-meta":"","astra-migrate-meta-layouts":"default","ast-page-background-enabled":"default","ast-page-background-meta":{"desktop":{"background-color":"var(--ast-global-color-4)","background-image":"","background-repeat":"repeat","background-position":"center center","background-size":"auto","background-attachment":"scroll","background-type":"","background-media":"","overlay-type":"","overlay-color":"","overlay-opacity":"","overlay-gradient":""},"tablet":{"background-color":"","background-image":"","background-repeat":"repeat","background-position":"center center","background-size":"auto","background-attachment":"scroll","background-type":"","background-media":"","overlay-type":"","overlay-color":"","overlay-opacity":"","overlay-gradient":""},"mobile":{"background-color":"","background-image":"","background-repeat":"repeat","background-position":"center center","background-size":"auto","background-attachment":"scroll","background-type":"","background-media":"","overlay-type":"","overlay-color":"","overlay-opacity":"","overlay-gradient":""}},"ast-content-background-meta":{"desktop":{"background-color":"var(--ast-global-color-5)","background-image":"","background-repeat":"repeat","background-position":"center center","background-size":"auto","background-attachment":"scroll","background-type":"","background-media":"","overlay-type":"","overlay-color":"","overlay-opacity":"","overlay-gradient":""},"tablet":{"background-color":"var(--ast-global-color-5)","background-image":"","background-repeat":"repeat","background-position":"center center","background-size":"auto","background-attachment":"scroll","background-type":"","background-media":"","overlay-type":"","overlay-color":"","overlay-opacity":"","overlay-gradient":""},"mobile":{"background-color":"var(--ast-global-color-5)","background-image":"","background-repeat":"repeat","background-position":"center center","background-size":"auto","background-attachment":"scroll","background-type":"","background-media":"","overlay-type":"","overlay-color":"","overlay-opacity":"","overlay-gradient":""}},"footnotes":""},"categories":[1],"tags":[],"class_list":["post-49349","post","type-post","status-publish","format-standard","has-post-thumbnail","hentry","category-sin-categoria"],"acf":[],"_links":{"self":[{"href":"https:\/\/tupungato.gov.ar\/index.php?rest_route=\/wp\/v2\/posts\/49349","targetHints":{"allow":["GET"]}}],"collection":[{"href":"https:\/\/tupungato.gov.ar\/index.php?rest_route=\/wp\/v2\/posts"}],"about":[{"href":"https:\/\/tupungato.gov.ar\/index.php?rest_route=\/wp\/v2\/types\/post"}],"author":[{"embeddable":true,"href":"https:\/\/tupungato.gov.ar\/index.php?rest_route=\/wp\/v2\/users\/3"}],"replies":[{"embeddable":true,"href":"https:\/\/tupungato.gov.ar\/index.php?rest_route=%2Fwp%2Fv2%2Fcomments&post=49349"}],"version-history":[{"count":1,"href":"https:\/\/tupungato.gov.ar\/index.php?rest_route=\/wp\/v2\/posts\/49349\/revisions"}],"predecessor-version":[{"id":49353,"href":"https:\/\/tupungato.gov.ar\/index.php?rest_route=\/wp\/v2\/posts\/49349\/revisions\/49353"}],"wp:featuredmedia":[{"embeddable":true,"href":"https:\/\/tupungato.gov.ar\/index.php?rest_route=\/wp\/v2\/media\/49350"}],"wp:attachment":[{"href":"https:\/\/tupungato.gov.ar\/index.php?rest_route=%2Fwp%2Fv2%2Fmedia&parent=49349"}],"wp:term":[{"taxonomy":"category","embeddable":true,"href":"https:\/\/tupungato.gov.ar\/index.php?rest_route=%2Fwp%2Fv2%2Fcategories&post=49349"},{"taxonomy":"post_tag","embeddable":true,"href":"https:\/\/tupungato.gov.ar\/index.php?rest_route=%2Fwp%2Fv2%2Ftags&post=49349"}],"curies":[{"name":"wp","href":"https:\/\/api.w.org\/{rel}","templated":true}]}}