{"id":46192,"date":"2025-05-14T11:46:03","date_gmt":"2025-05-14T14:46:03","guid":{"rendered":"https:\/\/tupungato.gov.ar\/?p=46192"},"modified":"2025-05-14T11:50:36","modified_gmt":"2025-05-14T14:50:36","slug":"mas-de-200-estudiantes-tupungatinos-asistieron-al-acto-de-inauguracion-de-charlas-violencia-virtual-aspectos-y-prevencion","status":"publish","type":"post","link":"https:\/\/tupungato.gov.ar\/?p=46192","title":{"rendered":"M\u00e1s de 200 estudiantes tupungatinos asistieron al acto de inauguraci\u00f3n de\u00a0Charlas \u00abViolencia virtual: aspectos y prevenci\u00f3n\u00bb"},"content":{"rendered":"\n<h3 class=\"wp-block-heading\">Tupungato abri\u00f3 la agenda provincial 2025 de esta iniciativa conjunta del Ministerio de Educaci\u00f3n, Cultura, Infancias y DGE, la Asociaci\u00f3n de Mujeres Jueces de Argentina y el Municipio dirigido por el Intendente Gustavo Aguilera.<\/h3>\n\n\n\n<p>Ayer pasadas las 10h inici\u00f3 el Ciclo en el Hotel Turismo Tupungato con la presencia del Mandatario tupungatino, acompa\u00f1ado del Ministro de Educaci\u00f3n, Cultura, Infancias y DGE Tadeo Garc\u00eda Zalazar y la Ministra de la Suprema Corte de Justicia Dra. Teresa Day.\u00a0 De la charla inaugural participaron estudiantes de Esc. 4- 060 \u201cDr. Ernesto Piaggi\u201d, Esc. 4-079 \u201cDomingo Faustino Sarmiento\u201d, Colegio S-74 \u201cCompa\u00f1\u00eda de Mar\u00eda\u201d y Esc. Cristiana Evang\u00e9lica Argentina S-065.<\/p>\n\n\n\n<p class=\"has-text-align-center\"><img fetchpriority=\"high\" decoding=\"async\" width=\"800\" height=\"533\" class=\"wp-image-46194\" style=\"width: 800px;\" src=\"http:\/\/tupungato.gov.ar\/wp-content\/uploads\/2025\/05\/Charlas-Violencia-virtual-aspectos-y-prevencion-7.jpg\" alt=\"\" srcset=\"https:\/\/tupungato.gov.ar\/wp-content\/uploads\/2025\/05\/Charlas-Violencia-virtual-aspectos-y-prevencion-7.jpg 1620w, https:\/\/tupungato.gov.ar\/wp-content\/uploads\/2025\/05\/Charlas-Violencia-virtual-aspectos-y-prevencion-7-300x200.jpg 300w, https:\/\/tupungato.gov.ar\/wp-content\/uploads\/2025\/05\/Charlas-Violencia-virtual-aspectos-y-prevencion-7-1024x683.jpg 1024w, https:\/\/tupungato.gov.ar\/wp-content\/uploads\/2025\/05\/Charlas-Violencia-virtual-aspectos-y-prevencion-7-768x512.jpg 768w, https:\/\/tupungato.gov.ar\/wp-content\/uploads\/2025\/05\/Charlas-Violencia-virtual-aspectos-y-prevencion-7-1536x1024.jpg 1536w\" sizes=\"(max-width: 800px) 100vw, 800px\" \/><\/p>\n\n\n\n<p><br>Sobre este proyecto conjunto, la Jueza Day explic\u00f3\u00a0<em>\u00abEsto es un programa que hemos empezado a realizar en el 2024 con la Direcci\u00f3n General de Escuelas y la Asociaci\u00f3n de Mujeres Jueces de Argentina, donde las juezas de distintos fueros, de sociedad civil, penal, laboral, de familia, de paz, visitan las escuelas previamente que nos ha\u00a0indicado la Direcci\u00f3n General de Escuelas para tratar problem\u00e1ticas sobre violencia de g\u00e9nero, violencia a trav\u00e9s de las redes, tambi\u00e9n el tema de las apuestas online y todos los derechos que tienen los ni\u00f1os, los adolescentes y las ni\u00f1as en relaci\u00f3n a c\u00f3mo poder acceder a distintos organismos para cuando se sienten violentados en estas situaciones\u00a0y\u00a0poder detectarlos. Y este trabajo es muy importante porque se ha hecho en toda la provincia. El a\u00f1o pasado fuimos a 18 escuelas, una por departamento, lo que se hizo a trav\u00e9s de un convenio que se firm\u00f3 con la Direcci\u00f3n General de Escuelas y la Asociaci\u00f3n de Mujeres Jueces de Argentina.\u00a0Y somos la primera provincia en el pa\u00eds que est\u00e1 realizando esta modalidad. Este a\u00f1o 2025 vamos a ir por el doble de escuelas, vamos a ir a 50 escuelas y la apertura se ha hecho ac\u00e1.\u00bb<\/em><\/p>\n\n\n\n<p class=\"has-text-align-center\"> <img decoding=\"async\" width=\"800\" height=\"533\" class=\"wp-image-46196\" style=\"width: 800px;\" src=\"http:\/\/tupungato.gov.ar\/wp-content\/uploads\/2025\/05\/Charlas-Violencia-virtual-aspectos-y-prevencion-6.jpg\" alt=\"\" srcset=\"https:\/\/tupungato.gov.ar\/wp-content\/uploads\/2025\/05\/Charlas-Violencia-virtual-aspectos-y-prevencion-6.jpg 1620w, https:\/\/tupungato.gov.ar\/wp-content\/uploads\/2025\/05\/Charlas-Violencia-virtual-aspectos-y-prevencion-6-300x200.jpg 300w, https:\/\/tupungato.gov.ar\/wp-content\/uploads\/2025\/05\/Charlas-Violencia-virtual-aspectos-y-prevencion-6-1024x683.jpg 1024w, https:\/\/tupungato.gov.ar\/wp-content\/uploads\/2025\/05\/Charlas-Violencia-virtual-aspectos-y-prevencion-6-768x512.jpg 768w, https:\/\/tupungato.gov.ar\/wp-content\/uploads\/2025\/05\/Charlas-Violencia-virtual-aspectos-y-prevencion-6-1536x1024.jpg 1536w\" sizes=\"(max-width: 800px) 100vw, 800px\" \/><\/p>\n\n\n\n<p><br>Por su parte el Mandatario Aguilera refiri\u00f3,<em>\u00a0\u00abEn el departamento de Tupungato no somos ajeno a eso y las estad\u00edsticas son altas, por eso es que es muy importante que los jueces est\u00e9n hoy hablando con quienes tienen sus derechos vulnerados, que son los adolescentes, ni\u00f1os y ni\u00f1as. Nosotros seguimos reafirmando el compromiso de trabajar d\u00eda a d\u00eda para que esa violencia vaya cesando de a poco en cada uno de esos sectores vulnerables.\u00bb<\/em><\/p>\n\n\n\n<p class=\"has-text-align-center\"> <img decoding=\"async\" width=\"800\" height=\"533\" class=\"wp-image-46195\" style=\"width: 800px;\" src=\"http:\/\/tupungato.gov.ar\/wp-content\/uploads\/2025\/05\/Charlas-Violencia-virtual-aspectos-y-prevencion-4.jpg\" alt=\"\" srcset=\"https:\/\/tupungato.gov.ar\/wp-content\/uploads\/2025\/05\/Charlas-Violencia-virtual-aspectos-y-prevencion-4.jpg 1620w, https:\/\/tupungato.gov.ar\/wp-content\/uploads\/2025\/05\/Charlas-Violencia-virtual-aspectos-y-prevencion-4-300x200.jpg 300w, https:\/\/tupungato.gov.ar\/wp-content\/uploads\/2025\/05\/Charlas-Violencia-virtual-aspectos-y-prevencion-4-1024x683.jpg 1024w, https:\/\/tupungato.gov.ar\/wp-content\/uploads\/2025\/05\/Charlas-Violencia-virtual-aspectos-y-prevencion-4-768x512.jpg 768w, https:\/\/tupungato.gov.ar\/wp-content\/uploads\/2025\/05\/Charlas-Violencia-virtual-aspectos-y-prevencion-4-1536x1024.jpg 1536w\" sizes=\"(max-width: 800px) 100vw, 800px\" \/><\/p>\n\n\n\n<p>En esta instancia departamental la Jueza del Primer Tribunal de Gesti\u00f3n Judicial,\u00a0 Dra. Fabiana Martinelli, abord\u00f3 el conversatorio y dialog\u00f3 con los estudiantes sobre el eje en cuesti\u00f3n.<\/p>\n\n\n\n<p class=\"has-text-align-center\"><img loading=\"lazy\" decoding=\"async\" width=\"800\" height=\"533\" class=\"wp-image-46197\" style=\"width: 800px;\" src=\"http:\/\/tupungato.gov.ar\/wp-content\/uploads\/2025\/05\/Charlas-Violencia-virtual-aspectos-y-prevencion-3.jpg\" alt=\"\" srcset=\"https:\/\/tupungato.gov.ar\/wp-content\/uploads\/2025\/05\/Charlas-Violencia-virtual-aspectos-y-prevencion-3.jpg 1620w, https:\/\/tupungato.gov.ar\/wp-content\/uploads\/2025\/05\/Charlas-Violencia-virtual-aspectos-y-prevencion-3-300x200.jpg 300w, https:\/\/tupungato.gov.ar\/wp-content\/uploads\/2025\/05\/Charlas-Violencia-virtual-aspectos-y-prevencion-3-1024x683.jpg 1024w, https:\/\/tupungato.gov.ar\/wp-content\/uploads\/2025\/05\/Charlas-Violencia-virtual-aspectos-y-prevencion-3-768x512.jpg 768w, https:\/\/tupungato.gov.ar\/wp-content\/uploads\/2025\/05\/Charlas-Violencia-virtual-aspectos-y-prevencion-3-1536x1024.jpg 1536w\" sizes=\"(max-width: 800px) 100vw, 800px\" \/><\/p>\n\n\n\n<p>Las charlas\u00a0est\u00e1n\u00a0dirigidas a juventudes de establecimientos educativos de nivel secundario, con el prop\u00f3sito de generar conciencia en los adolescentes y j\u00f3venes sobre los riesgos existentes en ciertos usos y mecanismos inform\u00e1ticos a fin de prevenir posibles da\u00f1o, brindar herramientas de prevenci\u00f3n y abrir espacios de reflexi\u00f3n sobre una problem\u00e1tica tan actual y urgente como es la violencia en entornos digitales.<\/p>\n\n\n\n<figure class=\"wp-block-gallery has-nested-images columns-default is-cropped wp-block-gallery-1 is-layout-flex wp-block-gallery-is-layout-flex\">\n<figure class=\"wp-block-image size-large\"><img loading=\"lazy\" decoding=\"async\" width=\"1024\" height=\"683\" data-id=\"46199\" src=\"https:\/\/tupungato.gov.ar\/wp-content\/uploads\/2025\/05\/Charlas-Violencia-virtual-aspectos-y-prevencion-5-1024x683.jpg\" alt=\"\" class=\"wp-image-46199\" srcset=\"https:\/\/tupungato.gov.ar\/wp-content\/uploads\/2025\/05\/Charlas-Violencia-virtual-aspectos-y-prevencion-5-1024x683.jpg 1024w, https:\/\/tupungato.gov.ar\/wp-content\/uploads\/2025\/05\/Charlas-Violencia-virtual-aspectos-y-prevencion-5-300x200.jpg 300w, https:\/\/tupungato.gov.ar\/wp-content\/uploads\/2025\/05\/Charlas-Violencia-virtual-aspectos-y-prevencion-5-768x512.jpg 768w, https:\/\/tupungato.gov.ar\/wp-content\/uploads\/2025\/05\/Charlas-Violencia-virtual-aspectos-y-prevencion-5-1536x1024.jpg 1536w, https:\/\/tupungato.gov.ar\/wp-content\/uploads\/2025\/05\/Charlas-Violencia-virtual-aspectos-y-prevencion-5.jpg 1620w\" sizes=\"(max-width: 1024px) 100vw, 1024px\" \/><\/figure>\n\n\n\n<figure class=\"wp-block-image size-large\"><img loading=\"lazy\" decoding=\"async\" width=\"1024\" height=\"683\" data-id=\"46198\" src=\"https:\/\/tupungato.gov.ar\/wp-content\/uploads\/2025\/05\/Charlas-Violencia-virtual-aspectos-y-prevencion-1-1024x683.jpg\" alt=\"\" class=\"wp-image-46198\" srcset=\"https:\/\/tupungato.gov.ar\/wp-content\/uploads\/2025\/05\/Charlas-Violencia-virtual-aspectos-y-prevencion-1-1024x683.jpg 1024w, https:\/\/tupungato.gov.ar\/wp-content\/uploads\/2025\/05\/Charlas-Violencia-virtual-aspectos-y-prevencion-1-300x200.jpg 300w, https:\/\/tupungato.gov.ar\/wp-content\/uploads\/2025\/05\/Charlas-Violencia-virtual-aspectos-y-prevencion-1-768x512.jpg 768w, https:\/\/tupungato.gov.ar\/wp-content\/uploads\/2025\/05\/Charlas-Violencia-virtual-aspectos-y-prevencion-1-1536x1024.jpg 1536w, https:\/\/tupungato.gov.ar\/wp-content\/uploads\/2025\/05\/Charlas-Violencia-virtual-aspectos-y-prevencion-1.jpg 1620w\" sizes=\"(max-width: 1024px) 100vw, 1024px\" \/><\/figure>\n<\/figure>\n\n\n\n<figure class=\"wp-block-audio\"><audio controls src=\"https:\/\/tupungato.gov.ar\/wp-content\/uploads\/2025\/05\/Ministra-Suprema-Corte-de-Justicia-Maria-Teresa-Day.mp3\"><\/audio><figcaption class=\"wp-element-caption\">Ministra de la Suprema Corte de Justicia, Mar\u00eda Teresa Day<\/figcaption><\/figure>\n\n\n\n<figure class=\"wp-block-audio\"><audio controls src=\"https:\/\/tupungato.gov.ar\/wp-content\/uploads\/2025\/05\/audio-Gustavo-Aguilera.mp3\"><\/audio><figcaption class=\"wp-element-caption\">Intendente Gustavo Aguilera<\/figcaption><\/figure>\n\n\n\n<figure class=\"wp-block-audio\"><audio controls src=\"https:\/\/tupungato.gov.ar\/wp-content\/uploads\/2025\/05\/Dir.-Educ.-Laura-Ravinale.mp3\"><\/audio><figcaption class=\"wp-element-caption\">Dir. de Educaci\u00f3n Laura Ravinale<\/figcaption><\/figure>\n","protected":false},"excerpt":{"rendered":"<p>Tupungato abri\u00f3 la agenda provincial 2025 de esta iniciativa conjunta del Ministerio de Educaci\u00f3n, Cultura, Infancias y DGE, la Asociaci\u00f3n [&hellip;]<\/p>\n","protected":false},"author":3,"featured_media":46193,"comment_status":"closed","ping_status":"","sticky":false,"template":"","format":"standard","meta":{"_acf_changed":false,"site-sidebar-layout":"default","site-content-layout":"","ast-site-content-layout":"default","site-content-style":"default","site-sidebar-style":"default","ast-global-header-display":"","ast-banner-title-visibility":"","ast-main-header-display":"","ast-hfb-above-header-display":"","ast-hfb-below-header-display":"","ast-hfb-mobile-header-display":"","site-post-title":"","ast-breadcrumbs-content":"","ast-featured-img":"","footer-sml-layout":"","ast-disable-related-posts":"","theme-transparent-header-meta":"","adv-header-id-meta":"","stick-header-meta":"","header-above-stick-meta":"","header-main-stick-meta":"","header-below-stick-meta":"","astra-migrate-meta-layouts":"default","ast-page-background-enabled":"default","ast-page-background-meta":{"desktop":{"background-color":"var(--ast-global-color-4)","background-image":"","background-repeat":"repeat","background-position":"center center","background-size":"auto","background-attachment":"scroll","background-type":"","background-media":"","overlay-type":"","overlay-color":"","overlay-opacity":"","overlay-gradient":""},"tablet":{"background-color":"","background-image":"","background-repeat":"repeat","background-position":"center center","background-size":"auto","background-attachment":"scroll","background-type":"","background-media":"","overlay-type":"","overlay-color":"","overlay-opacity":"","overlay-gradient":""},"mobile":{"background-color":"","background-image":"","background-repeat":"repeat","background-position":"center center","background-size":"auto","background-attachment":"scroll","background-type":"","background-media":"","overlay-type":"","overlay-color":"","overlay-opacity":"","overlay-gradient":""}},"ast-content-background-meta":{"desktop":{"background-color":"var(--ast-global-color-5)","background-image":"","background-repeat":"repeat","background-position":"center center","background-size":"auto","background-attachment":"scroll","background-type":"","background-media":"","overlay-type":"","overlay-color":"","overlay-opacity":"","overlay-gradient":""},"tablet":{"background-color":"var(--ast-global-color-5)","background-image":"","background-repeat":"repeat","background-position":"center center","background-size":"auto","background-attachment":"scroll","background-type":"","background-media":"","overlay-type":"","overlay-color":"","overlay-opacity":"","overlay-gradient":""},"mobile":{"background-color":"var(--ast-global-color-5)","background-image":"","background-repeat":"repeat","background-position":"center center","background-size":"auto","background-attachment":"scroll","background-type":"","background-media":"","overlay-type":"","overlay-color":"","overlay-opacity":"","overlay-gradient":""}},"footnotes":""},"categories":[1],"tags":[],"class_list":["post-46192","post","type-post","status-publish","format-standard","has-post-thumbnail","hentry","category-sin-categoria"],"acf":[],"_links":{"self":[{"href":"https:\/\/tupungato.gov.ar\/index.php?rest_route=\/wp\/v2\/posts\/46192","targetHints":{"allow":["GET"]}}],"collection":[{"href":"https:\/\/tupungato.gov.ar\/index.php?rest_route=\/wp\/v2\/posts"}],"about":[{"href":"https:\/\/tupungato.gov.ar\/index.php?rest_route=\/wp\/v2\/types\/post"}],"author":[{"embeddable":true,"href":"https:\/\/tupungato.gov.ar\/index.php?rest_route=\/wp\/v2\/users\/3"}],"replies":[{"embeddable":true,"href":"https:\/\/tupungato.gov.ar\/index.php?rest_route=%2Fwp%2Fv2%2Fcomments&post=46192"}],"version-history":[{"count":3,"href":"https:\/\/tupungato.gov.ar\/index.php?rest_route=\/wp\/v2\/posts\/46192\/revisions"}],"predecessor-version":[{"id":46205,"href":"https:\/\/tupungato.gov.ar\/index.php?rest_route=\/wp\/v2\/posts\/46192\/revisions\/46205"}],"wp:featuredmedia":[{"embeddable":true,"href":"https:\/\/tupungato.gov.ar\/index.php?rest_route=\/wp\/v2\/media\/46193"}],"wp:attachment":[{"href":"https:\/\/tupungato.gov.ar\/index.php?rest_route=%2Fwp%2Fv2%2Fmedia&parent=46192"}],"wp:term":[{"taxonomy":"category","embeddable":true,"href":"https:\/\/tupungato.gov.ar\/index.php?rest_route=%2Fwp%2Fv2%2Fcategories&post=46192"},{"taxonomy":"post_tag","embeddable":true,"href":"https:\/\/tupungato.gov.ar\/index.php?rest_route=%2Fwp%2Fv2%2Ftags&post=46192"}],"curies":[{"name":"wp","href":"https:\/\/api.w.org\/{rel}","templated":true}]}}