{"id":46168,"date":"2025-05-13T12:17:31","date_gmt":"2025-05-13T15:17:31","guid":{"rendered":"https:\/\/tupungato.gov.ar\/?p=46168"},"modified":"2025-05-13T12:17:31","modified_gmt":"2025-05-13T15:17:31","slug":"un-ano-mas-el-jardin-infantil-exclusivo-sol-de-tupungato-nos-invito-a-tenir-nuestro-corazon-de-celeste-y-blanco-y-entonar-las-estrofas-del-himno-nacional-argentino-en-comunidad","status":"publish","type":"post","link":"https:\/\/tupungato.gov.ar\/?p=46168","title":{"rendered":"Un a\u00f1o m\u00e1s el Jard\u00edn Infantil Exclusivo \u00abSol de Tupungato\u00bb nos invit\u00f3 a te\u00f1ir nuestro coraz\u00f3n de celeste y blanco y entonar las estrofas del Himno Nacional Argentino en comunidad"},"content":{"rendered":"\n<h3 class=\"wp-block-heading\"><strong>Una fecha, una letra, personajes e historia que atraviesan todas las fibras de los argentinos y las argentinas.\u00a0\u00a0El 11 de mayo fue el D\u00eda del Himno Nacional Argentino y junto a la instituci\u00f3n educativa de nivel inicial se comparti\u00f3 el proyecto Unimos nuestras voces por una misma canci\u00f3n.<\/strong><\/h3>\n\n\n\n<p>El lunes, la Plaza departamental y sus alrededores tomaron el color del cielo, el que identifica a todo nuestro pa\u00eds, porque las infancias del JIE \u00abSol de Tupungato\u00bb&nbsp; de 3, 4 y 5 a\u00f1os compartieron con su familia, con vecinos y vecinas, todo lo que hab\u00edan aprendido sobre nuestro Himno, m\u00e1xima canci\u00f3n que nos representa como naci\u00f3n.<\/p>\n\n\n\n<p>En el interior del\u00a0principal\u00a0espacio verde de la\u00a0Ciudad de Tupungato, se dispusieron gazebos con las\u00a0obras\u00a0art\u00edsticas que hab\u00eda elaborado cada ni\u00f1o de las salitas de cinco,\u00a0escarapelas, instrumentos musicales, afiches informativos, trabajitos que fueron elaborando junto a sus docentes,\u00a0mam\u00e1s,\u00a0 pap\u00e1s, familiares y amigos que seguramente colaboraron con ellos. Las se\u00f1os estaban orgullosas de mostrar todo lo que hab\u00edan estado aprendiendo\u00a0durante las \u00faltimas semanas con\u00a0sus estudiantes.\u00a0<\/p>\n\n\n\n<figure class=\"wp-block-gallery has-nested-images columns-default is-cropped wp-block-gallery-1 is-layout-flex wp-block-gallery-is-layout-flex\">\n<figure class=\"wp-block-image size-large\"><img fetchpriority=\"high\" decoding=\"async\" width=\"1024\" height=\"683\" data-id=\"46178\" src=\"https:\/\/tupungato.gov.ar\/wp-content\/uploads\/2025\/05\/Dia-del-Himno-TGTO-2025-78-1024x683.jpg\" alt=\"\" class=\"wp-image-46178\" srcset=\"https:\/\/tupungato.gov.ar\/wp-content\/uploads\/2025\/05\/Dia-del-Himno-TGTO-2025-78-1024x683.jpg 1024w, https:\/\/tupungato.gov.ar\/wp-content\/uploads\/2025\/05\/Dia-del-Himno-TGTO-2025-78-300x200.jpg 300w, https:\/\/tupungato.gov.ar\/wp-content\/uploads\/2025\/05\/Dia-del-Himno-TGTO-2025-78-768x512.jpg 768w, https:\/\/tupungato.gov.ar\/wp-content\/uploads\/2025\/05\/Dia-del-Himno-TGTO-2025-78-1536x1024.jpg 1536w, https:\/\/tupungato.gov.ar\/wp-content\/uploads\/2025\/05\/Dia-del-Himno-TGTO-2025-78.jpg 1620w\" sizes=\"(max-width: 1024px) 100vw, 1024px\" \/><\/figure>\n\n\n\n<figure class=\"wp-block-image size-large\"><img decoding=\"async\" width=\"1024\" height=\"683\" data-id=\"46181\" src=\"https:\/\/tupungato.gov.ar\/wp-content\/uploads\/2025\/05\/Dia-del-Himno-TGTO-2025-77-1024x683.jpg\" alt=\"\" class=\"wp-image-46181\" srcset=\"https:\/\/tupungato.gov.ar\/wp-content\/uploads\/2025\/05\/Dia-del-Himno-TGTO-2025-77-1024x683.jpg 1024w, https:\/\/tupungato.gov.ar\/wp-content\/uploads\/2025\/05\/Dia-del-Himno-TGTO-2025-77-300x200.jpg 300w, https:\/\/tupungato.gov.ar\/wp-content\/uploads\/2025\/05\/Dia-del-Himno-TGTO-2025-77-768x512.jpg 768w, https:\/\/tupungato.gov.ar\/wp-content\/uploads\/2025\/05\/Dia-del-Himno-TGTO-2025-77-1536x1024.jpg 1536w, https:\/\/tupungato.gov.ar\/wp-content\/uploads\/2025\/05\/Dia-del-Himno-TGTO-2025-77.jpg 1620w\" sizes=\"(max-width: 1024px) 100vw, 1024px\" \/><\/figure>\n\n\n\n<figure class=\"wp-block-image size-large\"><img decoding=\"async\" width=\"1024\" height=\"683\" data-id=\"46179\" src=\"https:\/\/tupungato.gov.ar\/wp-content\/uploads\/2025\/05\/Dia-del-Himno-TGTO-2025-73-1024x683.jpg\" alt=\"\" class=\"wp-image-46179\" srcset=\"https:\/\/tupungato.gov.ar\/wp-content\/uploads\/2025\/05\/Dia-del-Himno-TGTO-2025-73-1024x683.jpg 1024w, https:\/\/tupungato.gov.ar\/wp-content\/uploads\/2025\/05\/Dia-del-Himno-TGTO-2025-73-300x200.jpg 300w, https:\/\/tupungato.gov.ar\/wp-content\/uploads\/2025\/05\/Dia-del-Himno-TGTO-2025-73-768x512.jpg 768w, https:\/\/tupungato.gov.ar\/wp-content\/uploads\/2025\/05\/Dia-del-Himno-TGTO-2025-73-1536x1024.jpg 1536w, https:\/\/tupungato.gov.ar\/wp-content\/uploads\/2025\/05\/Dia-del-Himno-TGTO-2025-73.jpg 1620w\" sizes=\"(max-width: 1024px) 100vw, 1024px\" \/><\/figure>\n\n\n\n<figure class=\"wp-block-image size-large\"><img loading=\"lazy\" decoding=\"async\" width=\"1024\" height=\"683\" data-id=\"46180\" src=\"https:\/\/tupungato.gov.ar\/wp-content\/uploads\/2025\/05\/Dia-del-Himno-TGTO-2025-1-1024x683.jpg\" alt=\"\" class=\"wp-image-46180\" srcset=\"https:\/\/tupungato.gov.ar\/wp-content\/uploads\/2025\/05\/Dia-del-Himno-TGTO-2025-1-1024x683.jpg 1024w, https:\/\/tupungato.gov.ar\/wp-content\/uploads\/2025\/05\/Dia-del-Himno-TGTO-2025-1-300x200.jpg 300w, https:\/\/tupungato.gov.ar\/wp-content\/uploads\/2025\/05\/Dia-del-Himno-TGTO-2025-1-768x512.jpg 768w, https:\/\/tupungato.gov.ar\/wp-content\/uploads\/2025\/05\/Dia-del-Himno-TGTO-2025-1-1536x1024.jpg 1536w, https:\/\/tupungato.gov.ar\/wp-content\/uploads\/2025\/05\/Dia-del-Himno-TGTO-2025-1.jpg 1620w\" sizes=\"(max-width: 1024px) 100vw, 1024px\" \/><\/figure>\n<\/figure>\n\n\n\n<p>El proyecto oficial comenz\u00f3 a las 10.30h y tuvo la participaci\u00f3n de&nbsp;autoridades del ejecutivo, legislativo departamental, de Direcci\u00f3n General de Escuelas, fuerzas vivas, Reinas departamentales de la Vendimia 2025, Reina del Adulto Mayor y&nbsp;banderas de ceremonia nacionales y provinciales de distintas instituciones educativas del departamento,&nbsp;que en cada per\u00edodo acompa\u00f1an&nbsp;con honor el proyecto del jardincito.&nbsp;<\/p>\n\n\n\n<figure class=\"wp-block-gallery has-nested-images columns-default is-cropped wp-block-gallery-2 is-layout-flex wp-block-gallery-is-layout-flex\">\n<figure class=\"wp-block-image size-large\"><img loading=\"lazy\" decoding=\"async\" width=\"1024\" height=\"683\" data-id=\"46173\" src=\"https:\/\/tupungato.gov.ar\/wp-content\/uploads\/2025\/05\/Dia-del-Himno-TGTO-2025-44-1024x683.jpg\" alt=\"\" class=\"wp-image-46173\" srcset=\"https:\/\/tupungato.gov.ar\/wp-content\/uploads\/2025\/05\/Dia-del-Himno-TGTO-2025-44-1024x683.jpg 1024w, https:\/\/tupungato.gov.ar\/wp-content\/uploads\/2025\/05\/Dia-del-Himno-TGTO-2025-44-300x200.jpg 300w, https:\/\/tupungato.gov.ar\/wp-content\/uploads\/2025\/05\/Dia-del-Himno-TGTO-2025-44-768x512.jpg 768w, https:\/\/tupungato.gov.ar\/wp-content\/uploads\/2025\/05\/Dia-del-Himno-TGTO-2025-44-1536x1024.jpg 1536w, https:\/\/tupungato.gov.ar\/wp-content\/uploads\/2025\/05\/Dia-del-Himno-TGTO-2025-44.jpg 1620w\" sizes=\"(max-width: 1024px) 100vw, 1024px\" \/><\/figure>\n\n\n\n<figure class=\"wp-block-image size-large\"><img loading=\"lazy\" decoding=\"async\" width=\"1024\" height=\"683\" data-id=\"46172\" src=\"https:\/\/tupungato.gov.ar\/wp-content\/uploads\/2025\/05\/Dia-del-Himno-TGTO-2025-66-1024x683.jpg\" alt=\"\" class=\"wp-image-46172\" srcset=\"https:\/\/tupungato.gov.ar\/wp-content\/uploads\/2025\/05\/Dia-del-Himno-TGTO-2025-66-1024x683.jpg 1024w, https:\/\/tupungato.gov.ar\/wp-content\/uploads\/2025\/05\/Dia-del-Himno-TGTO-2025-66-300x200.jpg 300w, https:\/\/tupungato.gov.ar\/wp-content\/uploads\/2025\/05\/Dia-del-Himno-TGTO-2025-66-768x512.jpg 768w, https:\/\/tupungato.gov.ar\/wp-content\/uploads\/2025\/05\/Dia-del-Himno-TGTO-2025-66-1536x1024.jpg 1536w, https:\/\/tupungato.gov.ar\/wp-content\/uploads\/2025\/05\/Dia-del-Himno-TGTO-2025-66.jpg 1620w\" sizes=\"(max-width: 1024px) 100vw, 1024px\" \/><\/figure>\n<\/figure>\n\n\n\n<figure class=\"wp-block-gallery has-nested-images columns-default is-cropped wp-block-gallery-3 is-layout-flex wp-block-gallery-is-layout-flex\">\n<figure class=\"wp-block-image size-large\"><img loading=\"lazy\" decoding=\"async\" width=\"1024\" height=\"683\" data-id=\"46177\" src=\"https:\/\/tupungato.gov.ar\/wp-content\/uploads\/2025\/05\/Dia-del-Himno-TGTO-2025-42-1024x683.jpg\" alt=\"\" class=\"wp-image-46177\" srcset=\"https:\/\/tupungato.gov.ar\/wp-content\/uploads\/2025\/05\/Dia-del-Himno-TGTO-2025-42-1024x683.jpg 1024w, https:\/\/tupungato.gov.ar\/wp-content\/uploads\/2025\/05\/Dia-del-Himno-TGTO-2025-42-300x200.jpg 300w, https:\/\/tupungato.gov.ar\/wp-content\/uploads\/2025\/05\/Dia-del-Himno-TGTO-2025-42-768x512.jpg 768w, https:\/\/tupungato.gov.ar\/wp-content\/uploads\/2025\/05\/Dia-del-Himno-TGTO-2025-42-1536x1024.jpg 1536w, https:\/\/tupungato.gov.ar\/wp-content\/uploads\/2025\/05\/Dia-del-Himno-TGTO-2025-42.jpg 1620w\" sizes=\"(max-width: 1024px) 100vw, 1024px\" \/><\/figure>\n\n\n\n<figure class=\"wp-block-image size-large\"><img loading=\"lazy\" decoding=\"async\" width=\"1024\" height=\"683\" data-id=\"46176\" src=\"https:\/\/tupungato.gov.ar\/wp-content\/uploads\/2025\/05\/Dia-del-Himno-TGTO-2025-48-1024x683.jpg\" alt=\"\" class=\"wp-image-46176\" srcset=\"https:\/\/tupungato.gov.ar\/wp-content\/uploads\/2025\/05\/Dia-del-Himno-TGTO-2025-48-1024x683.jpg 1024w, https:\/\/tupungato.gov.ar\/wp-content\/uploads\/2025\/05\/Dia-del-Himno-TGTO-2025-48-300x200.jpg 300w, https:\/\/tupungato.gov.ar\/wp-content\/uploads\/2025\/05\/Dia-del-Himno-TGTO-2025-48-768x512.jpg 768w, https:\/\/tupungato.gov.ar\/wp-content\/uploads\/2025\/05\/Dia-del-Himno-TGTO-2025-48-1536x1024.jpg 1536w, https:\/\/tupungato.gov.ar\/wp-content\/uploads\/2025\/05\/Dia-del-Himno-TGTO-2025-48.jpg 1620w\" sizes=\"(max-width: 1024px) 100vw, 1024px\" \/><\/figure>\n<\/figure>\n\n\n\n<p>En el acto acompa\u00f1\u00f3 la querida Banda Militar Talcahuano que fue la responsable de interpretar con sus instrumentos los acordes de la m\u00e1xima canci\u00f3n patria seguida por todos los presentes y principalmente por las voces de cada ni\u00f1a y ni\u00f1o del Sol de Tupungato que\u00a0con fervor dijeron los versos. Las manitos de los peque\u00f1itos de la Sala Fucsia de Turno Ma\u00f1ana se distinguieron\u00a0con guantecitos blancos interpretando el Himno en Lengua de Se\u00f1as, siguiendo la interpretaci\u00f3n que un a\u00f1o m\u00e1s realiz\u00f3 la joven hipoac\u00fasica Sara Escudero Kloster.\u00a0Los presentes siguieron con emoci\u00f3n el aprendizaje de los ni\u00f1os.\u00a0<\/p>\n\n\n\n<figure class=\"wp-block-gallery has-nested-images columns-default is-cropped wp-block-gallery-4 is-layout-flex wp-block-gallery-is-layout-flex\">\n<figure class=\"wp-block-image size-large\"><img loading=\"lazy\" decoding=\"async\" width=\"1024\" height=\"683\" data-id=\"46184\" src=\"https:\/\/tupungato.gov.ar\/wp-content\/uploads\/2025\/05\/Dia-del-Himno-TGTO-2025-5-1024x683.jpg\" alt=\"\" class=\"wp-image-46184\" srcset=\"https:\/\/tupungato.gov.ar\/wp-content\/uploads\/2025\/05\/Dia-del-Himno-TGTO-2025-5-1024x683.jpg 1024w, https:\/\/tupungato.gov.ar\/wp-content\/uploads\/2025\/05\/Dia-del-Himno-TGTO-2025-5-300x200.jpg 300w, https:\/\/tupungato.gov.ar\/wp-content\/uploads\/2025\/05\/Dia-del-Himno-TGTO-2025-5-768x512.jpg 768w, https:\/\/tupungato.gov.ar\/wp-content\/uploads\/2025\/05\/Dia-del-Himno-TGTO-2025-5-1536x1024.jpg 1536w, https:\/\/tupungato.gov.ar\/wp-content\/uploads\/2025\/05\/Dia-del-Himno-TGTO-2025-5.jpg 1620w\" sizes=\"(max-width: 1024px) 100vw, 1024px\" \/><\/figure>\n\n\n\n<figure class=\"wp-block-image size-large\"><img loading=\"lazy\" decoding=\"async\" width=\"1024\" height=\"683\" data-id=\"46183\" src=\"https:\/\/tupungato.gov.ar\/wp-content\/uploads\/2025\/05\/Dia-del-Himno-TGTO-2025-25-1-1024x683.jpg\" alt=\"\" class=\"wp-image-46183\" srcset=\"https:\/\/tupungato.gov.ar\/wp-content\/uploads\/2025\/05\/Dia-del-Himno-TGTO-2025-25-1-1024x683.jpg 1024w, https:\/\/tupungato.gov.ar\/wp-content\/uploads\/2025\/05\/Dia-del-Himno-TGTO-2025-25-1-300x200.jpg 300w, https:\/\/tupungato.gov.ar\/wp-content\/uploads\/2025\/05\/Dia-del-Himno-TGTO-2025-25-1-768x512.jpg 768w, https:\/\/tupungato.gov.ar\/wp-content\/uploads\/2025\/05\/Dia-del-Himno-TGTO-2025-25-1-1536x1024.jpg 1536w, https:\/\/tupungato.gov.ar\/wp-content\/uploads\/2025\/05\/Dia-del-Himno-TGTO-2025-25-1.jpg 1620w\" sizes=\"(max-width: 1024px) 100vw, 1024px\" \/><\/figure>\n\n\n\n<figure class=\"wp-block-image size-large\"><img loading=\"lazy\" decoding=\"async\" width=\"1024\" height=\"683\" data-id=\"46182\" src=\"https:\/\/tupungato.gov.ar\/wp-content\/uploads\/2025\/05\/Dia-del-Himno-TGTO-2025-65-1024x683.jpg\" alt=\"\" class=\"wp-image-46182\" srcset=\"https:\/\/tupungato.gov.ar\/wp-content\/uploads\/2025\/05\/Dia-del-Himno-TGTO-2025-65-1024x683.jpg 1024w, https:\/\/tupungato.gov.ar\/wp-content\/uploads\/2025\/05\/Dia-del-Himno-TGTO-2025-65-300x200.jpg 300w, https:\/\/tupungato.gov.ar\/wp-content\/uploads\/2025\/05\/Dia-del-Himno-TGTO-2025-65-768x512.jpg 768w, https:\/\/tupungato.gov.ar\/wp-content\/uploads\/2025\/05\/Dia-del-Himno-TGTO-2025-65-1536x1024.jpg 1536w, https:\/\/tupungato.gov.ar\/wp-content\/uploads\/2025\/05\/Dia-del-Himno-TGTO-2025-65.jpg 1620w\" sizes=\"(max-width: 1024px) 100vw, 1024px\" \/><\/figure>\n<\/figure>\n\n\n\n<figure class=\"wp-block-gallery has-nested-images columns-default is-cropped wp-block-gallery-5 is-layout-flex wp-block-gallery-is-layout-flex\">\n<figure class=\"wp-block-image size-large\"><img loading=\"lazy\" decoding=\"async\" width=\"1024\" height=\"683\" data-id=\"46175\" src=\"https:\/\/tupungato.gov.ar\/wp-content\/uploads\/2025\/05\/Dia-del-Himno-TGTO-2025-67-1024x683.jpg\" alt=\"\" class=\"wp-image-46175\" srcset=\"https:\/\/tupungato.gov.ar\/wp-content\/uploads\/2025\/05\/Dia-del-Himno-TGTO-2025-67-1024x683.jpg 1024w, https:\/\/tupungato.gov.ar\/wp-content\/uploads\/2025\/05\/Dia-del-Himno-TGTO-2025-67-300x200.jpg 300w, https:\/\/tupungato.gov.ar\/wp-content\/uploads\/2025\/05\/Dia-del-Himno-TGTO-2025-67-768x512.jpg 768w, https:\/\/tupungato.gov.ar\/wp-content\/uploads\/2025\/05\/Dia-del-Himno-TGTO-2025-67-1536x1024.jpg 1536w, https:\/\/tupungato.gov.ar\/wp-content\/uploads\/2025\/05\/Dia-del-Himno-TGTO-2025-67.jpg 1620w\" sizes=\"(max-width: 1024px) 100vw, 1024px\" \/><\/figure>\n\n\n\n<figure class=\"wp-block-image size-large\"><img loading=\"lazy\" decoding=\"async\" width=\"1024\" height=\"683\" data-id=\"46174\" src=\"https:\/\/tupungato.gov.ar\/wp-content\/uploads\/2025\/05\/Dia-del-Himno-TGTO-2025-39-1024x683.jpg\" alt=\"\" class=\"wp-image-46174\" srcset=\"https:\/\/tupungato.gov.ar\/wp-content\/uploads\/2025\/05\/Dia-del-Himno-TGTO-2025-39-1024x683.jpg 1024w, https:\/\/tupungato.gov.ar\/wp-content\/uploads\/2025\/05\/Dia-del-Himno-TGTO-2025-39-300x200.jpg 300w, https:\/\/tupungato.gov.ar\/wp-content\/uploads\/2025\/05\/Dia-del-Himno-TGTO-2025-39-768x512.jpg 768w, https:\/\/tupungato.gov.ar\/wp-content\/uploads\/2025\/05\/Dia-del-Himno-TGTO-2025-39-1536x1024.jpg 1536w, https:\/\/tupungato.gov.ar\/wp-content\/uploads\/2025\/05\/Dia-del-Himno-TGTO-2025-39.jpg 1620w\" sizes=\"(max-width: 1024px) 100vw, 1024px\" \/><\/figure>\n<\/figure>\n\n\n\n<p>Despu\u00e9s el m\u00fasico militar Adolfo Becerra Mestre expres\u00f3 en voz alta una rese\u00f1a hist\u00f3rica sobre la creaci\u00f3n del Himno.<\/p>\n\n\n\n<p>Continu\u00f3 la Banda con un popurr\u00ed de canciones folkl\u00f3ricas que danzaron en pareja m\u00fasicos militares con&nbsp;Su Majestad,&nbsp;Julieta Renzi, Virreina&nbsp;departamental&nbsp;Celina Flores y la Reina de&nbsp;las personas mayores&nbsp;Elba Dellac.<\/p>\n\n\n\n<p>Ese fue el final del evento que cerr\u00f3 con la despedida de la banda marchando al son de la Marcha de San Lorenzo.<\/p>\n\n\n\n<p>Al finalizar el acto las ni\u00f1as y ni\u00f1os de 3 y 4 a\u00f1os hicieron la muestra&nbsp;pedag\u00f3gica&nbsp;de sus creaciones manuales sobre el Himno dentro de sus salas en&nbsp;el establecimiento educativo.<\/p>\n\n\n\n<figure class=\"wp-block-audio\"><audio controls src=\"https:\/\/tupungato.gov.ar\/wp-content\/uploads\/2025\/05\/Intendente-Gustavo-Aguilera-.mp3\"><\/audio><figcaption class=\"wp-element-caption\">Intendente Gustavo Aguilera<\/figcaption><\/figure>\n\n\n\n<figure class=\"wp-block-audio\"><audio controls src=\"https:\/\/tupungato.gov.ar\/wp-content\/uploads\/2025\/05\/Dir.-JIE-Sol-de-Tupungato-Nancy-Lucchesi.mp3\"><\/audio><figcaption class=\"wp-element-caption\">Dir. JIE Nancy Lucchesi<\/figcaption><\/figure>\n\n\n\n<p><br><\/p>\n\n\n\n<p><br><\/p>\n","protected":false},"excerpt":{"rendered":"<p>Una fecha, una letra, personajes e historia que atraviesan todas las fibras de los argentinos y las argentinas.\u00a0\u00a0El 11 de [&hellip;]<\/p>\n","protected":false},"author":3,"featured_media":46169,"comment_status":"closed","ping_status":"","sticky":false,"template":"","format":"standard","meta":{"_acf_changed":false,"site-sidebar-layout":"default","site-content-layout":"","ast-site-content-layout":"default","site-content-style":"default","site-sidebar-style":"default","ast-global-header-display":"","ast-banner-title-visibility":"","ast-main-header-display":"","ast-hfb-above-header-display":"","ast-hfb-below-header-display":"","ast-hfb-mobile-header-display":"","site-post-title":"","ast-breadcrumbs-content":"","ast-featured-img":"","footer-sml-layout":"","ast-disable-related-posts":"","theme-transparent-header-meta":"","adv-header-id-meta":"","stick-header-meta":"","header-above-stick-meta":"","header-main-stick-meta":"","header-below-stick-meta":"","astra-migrate-meta-layouts":"default","ast-page-background-enabled":"default","ast-page-background-meta":{"desktop":{"background-color":"var(--ast-global-color-4)","background-image":"","background-repeat":"repeat","background-position":"center center","background-size":"auto","background-attachment":"scroll","background-type":"","background-media":"","overlay-type":"","overlay-color":"","overlay-opacity":"","overlay-gradient":""},"tablet":{"background-color":"","background-image":"","background-repeat":"repeat","background-position":"center center","background-size":"auto","background-attachment":"scroll","background-type":"","background-media":"","overlay-type":"","overlay-color":"","overlay-opacity":"","overlay-gradient":""},"mobile":{"background-color":"","background-image":"","background-repeat":"repeat","background-position":"center center","background-size":"auto","background-attachment":"scroll","background-type":"","background-media":"","overlay-type":"","overlay-color":"","overlay-opacity":"","overlay-gradient":""}},"ast-content-background-meta":{"desktop":{"background-color":"var(--ast-global-color-5)","background-image":"","background-repeat":"repeat","background-position":"center center","background-size":"auto","background-attachment":"scroll","background-type":"","background-media":"","overlay-type":"","overlay-color":"","overlay-opacity":"","overlay-gradient":""},"tablet":{"background-color":"var(--ast-global-color-5)","background-image":"","background-repeat":"repeat","background-position":"center center","background-size":"auto","background-attachment":"scroll","background-type":"","background-media":"","overlay-type":"","overlay-color":"","overlay-opacity":"","overlay-gradient":""},"mobile":{"background-color":"var(--ast-global-color-5)","background-image":"","background-repeat":"repeat","background-position":"center center","background-size":"auto","background-attachment":"scroll","background-type":"","background-media":"","overlay-type":"","overlay-color":"","overlay-opacity":"","overlay-gradient":""}},"footnotes":""},"categories":[1],"tags":[],"class_list":["post-46168","post","type-post","status-publish","format-standard","has-post-thumbnail","hentry","category-sin-categoria"],"acf":[],"_links":{"self":[{"href":"https:\/\/tupungato.gov.ar\/index.php?rest_route=\/wp\/v2\/posts\/46168","targetHints":{"allow":["GET"]}}],"collection":[{"href":"https:\/\/tupungato.gov.ar\/index.php?rest_route=\/wp\/v2\/posts"}],"about":[{"href":"https:\/\/tupungato.gov.ar\/index.php?rest_route=\/wp\/v2\/types\/post"}],"author":[{"embeddable":true,"href":"https:\/\/tupungato.gov.ar\/index.php?rest_route=\/wp\/v2\/users\/3"}],"replies":[{"embeddable":true,"href":"https:\/\/tupungato.gov.ar\/index.php?rest_route=%2Fwp%2Fv2%2Fcomments&post=46168"}],"version-history":[{"count":1,"href":"https:\/\/tupungato.gov.ar\/index.php?rest_route=\/wp\/v2\/posts\/46168\/revisions"}],"predecessor-version":[{"id":46185,"href":"https:\/\/tupungato.gov.ar\/index.php?rest_route=\/wp\/v2\/posts\/46168\/revisions\/46185"}],"wp:featuredmedia":[{"embeddable":true,"href":"https:\/\/tupungato.gov.ar\/index.php?rest_route=\/wp\/v2\/media\/46169"}],"wp:attachment":[{"href":"https:\/\/tupungato.gov.ar\/index.php?rest_route=%2Fwp%2Fv2%2Fmedia&parent=46168"}],"wp:term":[{"taxonomy":"category","embeddable":true,"href":"https:\/\/tupungato.gov.ar\/index.php?rest_route=%2Fwp%2Fv2%2Fcategories&post=46168"},{"taxonomy":"post_tag","embeddable":true,"href":"https:\/\/tupungato.gov.ar\/index.php?rest_route=%2Fwp%2Fv2%2Ftags&post=46168"}],"curies":[{"name":"wp","href":"https:\/\/api.w.org\/{rel}","templated":true}]}}