{"id":46150,"date":"2025-05-13T11:59:13","date_gmt":"2025-05-13T14:59:13","guid":{"rendered":"https:\/\/tupungato.gov.ar\/?p=46150"},"modified":"2025-05-13T12:02:15","modified_gmt":"2025-05-13T15:02:15","slug":"la-primera-edicion-de-la-expo-tupungato-de-energias-renovables-mostro-alternativas-tecnologicas-viables-para-productores","status":"publish","type":"post","link":"https:\/\/tupungato.gov.ar\/?p=46150","title":{"rendered":"La primera edici\u00f3n de la Expo Tupungato de Energ\u00edas Renovables mostr\u00f3 alternativas tecnol\u00f3gicas viables para productores"},"content":{"rendered":"\n<h3 class=\"wp-block-heading\">El evento- declarado de inter\u00e9s departamental bajo la Declaraci\u00f3n N\u00b0 03\/2025 del Honorable Concejo Deliberante de Tupungato- promovi\u00f3 la integraci\u00f3n de las fuentes de energ\u00eda aplicadas a tecnolog\u00edas con la econom\u00eda y el desarrollo lo<br>cal.&nbsp;Las energ\u00edas renovables han pasado a ser una industria determinante en el inminente abandono de los efectos contaminantes y el agotamiento de los combustibles f\u00f3siles; sus innovadores sistemas son eje&nbsp;esencial en el progreso de la actividad econ\u00f3mica.<\/h3>\n\n\n\n<p>Durante las jornadas matutina y vespertina del viernes pasado se desarroll\u00f3&nbsp;la primera edici\u00f3n de&nbsp;ETER, un espacio estrat\u00e9gico para exhibir tecnolog\u00edas, fomentar alianzas p\u00fablico-privadas y posicionar a Tupungato como referente provincial en sostenibilidad. <\/p>\n\n\n\n<p>Participaron&nbsp;diversos&nbsp;organismos y entes, adem\u00e1s tuvo stands de instituciones educativas de nivel terciario, hubo&nbsp;charlas y demostraciones tecnol\u00f3gicas para agro e industria y tambi\u00e9n estuvieron los&nbsp;miembros de la Ecoferia.<\/p>\n\n\n\n<p>La expo fue en la Plaza departamental y su apertura fue pasadas las 10h con discursos del Intendente Gustavo Aguilera y tuvo la presencia de la Banda Militar Talcahuano, perteneciente del Regimiento Infanter\u00eda Monta\u00f1a 11 Tnte. Grl. Las Heras.<\/p>\n\n\n\n<p class=\"has-text-align-center\"><img fetchpriority=\"high\" decoding=\"async\" width=\"800\" height=\"533\" class=\"wp-image-46166\" style=\"width: 800px;\" src=\"http:\/\/tupungato.gov.ar\/wp-content\/uploads\/2025\/05\/feria-energias-6-scaled.jpg\" alt=\"\" srcset=\"https:\/\/tupungato.gov.ar\/wp-content\/uploads\/2025\/05\/feria-energias-6-scaled.jpg 2560w, https:\/\/tupungato.gov.ar\/wp-content\/uploads\/2025\/05\/feria-energias-6-300x200.jpg 300w, https:\/\/tupungato.gov.ar\/wp-content\/uploads\/2025\/05\/feria-energias-6-1024x683.jpg 1024w, https:\/\/tupungato.gov.ar\/wp-content\/uploads\/2025\/05\/feria-energias-6-768x512.jpg 768w, https:\/\/tupungato.gov.ar\/wp-content\/uploads\/2025\/05\/feria-energias-6-1536x1024.jpg 1536w, https:\/\/tupungato.gov.ar\/wp-content\/uploads\/2025\/05\/feria-energias-6-2048x1365.jpg 2048w\" sizes=\"(max-width: 800px) 100vw, 800px\" \/><\/p>\n\n\n\n<p>Tanto al inicio como en la tarde del evento se fueron suscitando diversas charlas.&nbsp;<\/p>\n\n\n\n<p class=\"has-text-align-center\"><img decoding=\"async\" width=\"800\" height=\"533\" class=\"wp-image-46156\" style=\"width: 800px;\" src=\"http:\/\/tupungato.gov.ar\/wp-content\/uploads\/2025\/05\/ETER-Tgto.4-scaled.jpg\" alt=\"\" srcset=\"https:\/\/tupungato.gov.ar\/wp-content\/uploads\/2025\/05\/ETER-Tgto.4-scaled.jpg 2560w, https:\/\/tupungato.gov.ar\/wp-content\/uploads\/2025\/05\/ETER-Tgto.4-300x200.jpg 300w, https:\/\/tupungato.gov.ar\/wp-content\/uploads\/2025\/05\/ETER-Tgto.4-1024x683.jpg 1024w, https:\/\/tupungato.gov.ar\/wp-content\/uploads\/2025\/05\/ETER-Tgto.4-768x512.jpg 768w, https:\/\/tupungato.gov.ar\/wp-content\/uploads\/2025\/05\/ETER-Tgto.4-1536x1024.jpg 1536w, https:\/\/tupungato.gov.ar\/wp-content\/uploads\/2025\/05\/ETER-Tgto.4-2048x1365.jpg 2048w\" sizes=\"(max-width: 800px) 100vw, 800px\" \/><\/p>\n\n\n\n<p>La primera que se desarroll\u00f3 fue sobre Transici\u00f3n Energ\u00e9tica y el impulso de las energ\u00edas renovables con la presencia del Ing. Federico Suarez representante de Empres Mendocina de Energ\u00eda S.A. que comparti\u00f3 un an\u00e1lisis integral sobre el panorama provincial, nacional e internacional.<\/p>\n\n\n\n<figure class=\"wp-block-gallery has-nested-images columns-default is-cropped wp-block-gallery-1 is-layout-flex wp-block-gallery-is-layout-flex\">\n<figure class=\"wp-block-image size-large\"><img decoding=\"async\" width=\"1024\" height=\"683\" data-id=\"46165\" src=\"https:\/\/tupungato.gov.ar\/wp-content\/uploads\/2025\/05\/ETER-Tgto.2-1-1-1024x683.jpg\" alt=\"\" class=\"wp-image-46165\" srcset=\"https:\/\/tupungato.gov.ar\/wp-content\/uploads\/2025\/05\/ETER-Tgto.2-1-1-1024x683.jpg 1024w, https:\/\/tupungato.gov.ar\/wp-content\/uploads\/2025\/05\/ETER-Tgto.2-1-1-300x200.jpg 300w, https:\/\/tupungato.gov.ar\/wp-content\/uploads\/2025\/05\/ETER-Tgto.2-1-1-768x512.jpg 768w, https:\/\/tupungato.gov.ar\/wp-content\/uploads\/2025\/05\/ETER-Tgto.2-1-1-1536x1024.jpg 1536w, https:\/\/tupungato.gov.ar\/wp-content\/uploads\/2025\/05\/ETER-Tgto.2-1-1-2048x1365.jpg 2048w\" sizes=\"(max-width: 1024px) 100vw, 1024px\" \/><\/figure>\n\n\n\n<figure class=\"wp-block-image size-large\"><img loading=\"lazy\" decoding=\"async\" width=\"1024\" height=\"683\" data-id=\"46164\" src=\"https:\/\/tupungato.gov.ar\/wp-content\/uploads\/2025\/05\/ETER-Tgto.-7-1-1024x683.jpg\" alt=\"\" class=\"wp-image-46164\" srcset=\"https:\/\/tupungato.gov.ar\/wp-content\/uploads\/2025\/05\/ETER-Tgto.-7-1-1024x683.jpg 1024w, https:\/\/tupungato.gov.ar\/wp-content\/uploads\/2025\/05\/ETER-Tgto.-7-1-300x200.jpg 300w, https:\/\/tupungato.gov.ar\/wp-content\/uploads\/2025\/05\/ETER-Tgto.-7-1-768x512.jpg 768w, https:\/\/tupungato.gov.ar\/wp-content\/uploads\/2025\/05\/ETER-Tgto.-7-1-1536x1024.jpg 1536w, https:\/\/tupungato.gov.ar\/wp-content\/uploads\/2025\/05\/ETER-Tgto.-7-1-2048x1365.jpg 2048w\" sizes=\"(max-width: 1024px) 100vw, 1024px\" \/><\/figure>\n<\/figure>\n\n\n\n<p><br>Otro conversatorio fue la Presentaci\u00f3n del Parque Solar Tupungato, un proyecto que marcar\u00e1 un antes y despu\u00e9s, iniciativa pionera que generar\u00e1 energ\u00eda limpia e impulsar\u00e1 el desarrollo econ\u00f3mico, crear\u00e1 empleo y posicionar\u00e1 a Mendoza como l\u00edder en la transici\u00f3n energ\u00e9tica. El equipo detr\u00e1s de este ambicioso proyecto integrado por representantes t\u00e9cnicos, visionarios y gestores que han trabajado para que se concrete, Gast\u00f3n Livellara, Diego Cavallaro, Nicol\u00e1s Martin y&nbsp; Amilcar Balestra.<\/p>\n\n\n\n<p>Tambi\u00e9n representantes del Ente Provincial Regulador de la Energ\u00eda brindaron&nbsp;Asesoramiento a Usuarios sobre Generaci\u00f3n Distribuida explicando paso a paso c\u00f3mo sumarse a la revoluci\u00f3n energ\u00e9tica con acciones personales desde los hogares, con la presencia de Sergio Slipoi y Guillermo Rodr\u00edguez.<br><br>Hubo ponencia sobre Energ\u00eda Renovable para un Mundo Sostenible a cargo del Instituto Nacional de Tecnolog\u00eda Agropecuaria (INTA) Tupungato que tuvo como oradora a Carmen Magneti, t\u00e9cnica del organismo.<br><br>Por otra parte refirieron al Aprovechamiento de Residuos de Poda, al respecto los presentes oyeron al Ingeniero Mart\u00edn Reynoso, especialista en gesti\u00f3n sostenible de recursos.&nbsp;Adem\u00e1s el presidente de la C\u00e1mara Argentina de Fabricantes de Maquinaria Agr\u00edcola e Industrial, Ingeniero Ra\u00fal Giordano, dio Charlas acerca de Quemadores Agroindustriales, su uso, optimizaci\u00f3n de procesos&nbsp;para reducci\u00f3n de costos, cumplimiento normativo ambiental y de seguridad agroindustrial, entre otros t\u00f3picos.&nbsp;<\/p>\n\n\n\n<p class=\"has-text-align-center\"><img loading=\"lazy\" decoding=\"async\" width=\"800\" height=\"533\" class=\"wp-image-46154\" style=\"width: 800px;\" src=\"http:\/\/tupungato.gov.ar\/wp-content\/uploads\/2025\/05\/ETER-Tgto.-6-1-scaled.jpg\" alt=\"\" srcset=\"https:\/\/tupungato.gov.ar\/wp-content\/uploads\/2025\/05\/ETER-Tgto.-6-1-scaled.jpg 2560w, https:\/\/tupungato.gov.ar\/wp-content\/uploads\/2025\/05\/ETER-Tgto.-6-1-300x200.jpg 300w, https:\/\/tupungato.gov.ar\/wp-content\/uploads\/2025\/05\/ETER-Tgto.-6-1-1024x683.jpg 1024w, https:\/\/tupungato.gov.ar\/wp-content\/uploads\/2025\/05\/ETER-Tgto.-6-1-768x512.jpg 768w, https:\/\/tupungato.gov.ar\/wp-content\/uploads\/2025\/05\/ETER-Tgto.-6-1-1536x1024.jpg 1536w, https:\/\/tupungato.gov.ar\/wp-content\/uploads\/2025\/05\/ETER-Tgto.-6-1-2048x1365.jpg 2048w\" sizes=\"(max-width: 800px) 100vw, 800px\" \/><br><br><\/p>\n\n\n\n<p class=\"has-text-align-left\">Como estaba previsto en el cronograma de propuestas de la ETER, se realizaron salidas a territorio, una pasadas las 13h que fue una demostraci\u00f3n pr\u00e1ctica en&nbsp;Uso de energ\u00eda solar en sistemas de riego, en el distrito La Arboleda,&nbsp;Finca,&nbsp;\u00c1ngel Tavano y m\u00e1s tarde una charla t\u00e9cnica y demostraci\u00f3n del&nbsp;Sistema de secado con utilizaci\u00f3n de biomasa en la localidad Cord\u00f3n del Plata, Finca Luconi Freire.<\/p>\n\n\n\n<p class=\"has-text-align-center\"><img loading=\"lazy\" decoding=\"async\" width=\"800\" height=\"533\" class=\"wp-image-46152\" style=\"width: 800px;\" src=\"http:\/\/tupungato.gov.ar\/wp-content\/uploads\/2025\/05\/ETER-Tgto.5-scaled.jpg\" alt=\"\" srcset=\"https:\/\/tupungato.gov.ar\/wp-content\/uploads\/2025\/05\/ETER-Tgto.5-scaled.jpg 2560w, https:\/\/tupungato.gov.ar\/wp-content\/uploads\/2025\/05\/ETER-Tgto.5-300x200.jpg 300w, https:\/\/tupungato.gov.ar\/wp-content\/uploads\/2025\/05\/ETER-Tgto.5-1024x683.jpg 1024w, https:\/\/tupungato.gov.ar\/wp-content\/uploads\/2025\/05\/ETER-Tgto.5-768x512.jpg 768w, https:\/\/tupungato.gov.ar\/wp-content\/uploads\/2025\/05\/ETER-Tgto.5-1536x1024.jpg 1536w, https:\/\/tupungato.gov.ar\/wp-content\/uploads\/2025\/05\/ETER-Tgto.5-2048x1365.jpg 2048w\" sizes=\"(max-width: 800px) 100vw, 800px\" \/><\/p>\n\n\n\n<figure class=\"wp-block-audio\"><audio controls src=\"https:\/\/tupungato.gov.ar\/wp-content\/uploads\/2025\/05\/Int.-Gustavo-Aguilera-9.mp3\"><\/audio><figcaption class=\"wp-element-caption\">Intendente Gustavo Aguilera<\/figcaption><\/figure>\n\n\n\n<figure class=\"wp-block-audio\"><audio controls src=\"http:\/\/tupungato.gov.ar\/wp-content\/uploads\/2025\/05\/Dir.-Des.-Economico-3.mp3\"><\/audio><figcaption class=\"wp-element-caption\">Dir. de Desarrollo Econ\u00f3mico Gast\u00f3n Livellara<\/figcaption><\/figure>\n","protected":false},"excerpt":{"rendered":"<p>El evento- declarado de inter\u00e9s departamental bajo la Declaraci\u00f3n N\u00b0 03\/2025 del Honorable Concejo Deliberante de Tupungato- promovi\u00f3 la integraci\u00f3n [&hellip;]<\/p>\n","protected":false},"author":3,"featured_media":46151,"comment_status":"closed","ping_status":"","sticky":false,"template":"","format":"standard","meta":{"_acf_changed":false,"site-sidebar-layout":"default","site-content-layout":"","ast-site-content-layout":"default","site-content-style":"default","site-sidebar-style":"default","ast-global-header-display":"","ast-banner-title-visibility":"","ast-main-header-display":"","ast-hfb-above-header-display":"","ast-hfb-below-header-display":"","ast-hfb-mobile-header-display":"","site-post-title":"","ast-breadcrumbs-content":"","ast-featured-img":"","footer-sml-layout":"","ast-disable-related-posts":"","theme-transparent-header-meta":"","adv-header-id-meta":"","stick-header-meta":"","header-above-stick-meta":"","header-main-stick-meta":"","header-below-stick-meta":"","astra-migrate-meta-layouts":"default","ast-page-background-enabled":"default","ast-page-background-meta":{"desktop":{"background-color":"var(--ast-global-color-4)","background-image":"","background-repeat":"repeat","background-position":"center center","background-size":"auto","background-attachment":"scroll","background-type":"","background-media":"","overlay-type":"","overlay-color":"","overlay-opacity":"","overlay-gradient":""},"tablet":{"background-color":"","background-image":"","background-repeat":"repeat","background-position":"center center","background-size":"auto","background-attachment":"scroll","background-type":"","background-media":"","overlay-type":"","overlay-color":"","overlay-opacity":"","overlay-gradient":""},"mobile":{"background-color":"","background-image":"","background-repeat":"repeat","background-position":"center center","background-size":"auto","background-attachment":"scroll","background-type":"","background-media":"","overlay-type":"","overlay-color":"","overlay-opacity":"","overlay-gradient":""}},"ast-content-background-meta":{"desktop":{"background-color":"var(--ast-global-color-5)","background-image":"","background-repeat":"repeat","background-position":"center center","background-size":"auto","background-attachment":"scroll","background-type":"","background-media":"","overlay-type":"","overlay-color":"","overlay-opacity":"","overlay-gradient":""},"tablet":{"background-color":"var(--ast-global-color-5)","background-image":"","background-repeat":"repeat","background-position":"center center","background-size":"auto","background-attachment":"scroll","background-type":"","background-media":"","overlay-type":"","overlay-color":"","overlay-opacity":"","overlay-gradient":""},"mobile":{"background-color":"var(--ast-global-color-5)","background-image":"","background-repeat":"repeat","background-position":"center center","background-size":"auto","background-attachment":"scroll","background-type":"","background-media":"","overlay-type":"","overlay-color":"","overlay-opacity":"","overlay-gradient":""}},"footnotes":""},"categories":[50],"tags":[],"class_list":["post-46150","post","type-post","status-publish","format-standard","has-post-thumbnail","hentry","category-d-desarrollo-economico"],"acf":[],"_links":{"self":[{"href":"https:\/\/tupungato.gov.ar\/index.php?rest_route=\/wp\/v2\/posts\/46150","targetHints":{"allow":["GET"]}}],"collection":[{"href":"https:\/\/tupungato.gov.ar\/index.php?rest_route=\/wp\/v2\/posts"}],"about":[{"href":"https:\/\/tupungato.gov.ar\/index.php?rest_route=\/wp\/v2\/types\/post"}],"author":[{"embeddable":true,"href":"https:\/\/tupungato.gov.ar\/index.php?rest_route=\/wp\/v2\/users\/3"}],"replies":[{"embeddable":true,"href":"https:\/\/tupungato.gov.ar\/index.php?rest_route=%2Fwp%2Fv2%2Fcomments&post=46150"}],"version-history":[{"count":3,"href":"https:\/\/tupungato.gov.ar\/index.php?rest_route=\/wp\/v2\/posts\/46150\/revisions"}],"predecessor-version":[{"id":46167,"href":"https:\/\/tupungato.gov.ar\/index.php?rest_route=\/wp\/v2\/posts\/46150\/revisions\/46167"}],"wp:featuredmedia":[{"embeddable":true,"href":"https:\/\/tupungato.gov.ar\/index.php?rest_route=\/wp\/v2\/media\/46151"}],"wp:attachment":[{"href":"https:\/\/tupungato.gov.ar\/index.php?rest_route=%2Fwp%2Fv2%2Fmedia&parent=46150"}],"wp:term":[{"taxonomy":"category","embeddable":true,"href":"https:\/\/tupungato.gov.ar\/index.php?rest_route=%2Fwp%2Fv2%2Fcategories&post=46150"},{"taxonomy":"post_tag","embeddable":true,"href":"https:\/\/tupungato.gov.ar\/index.php?rest_route=%2Fwp%2Fv2%2Ftags&post=46150"}],"curies":[{"name":"wp","href":"https:\/\/api.w.org\/{rel}","templated":true}]}}