{"id":45568,"date":"2025-04-16T11:21:55","date_gmt":"2025-04-16T14:21:55","guid":{"rendered":"https:\/\/tupungato.gov.ar\/?p=45568"},"modified":"2025-04-16T11:21:55","modified_gmt":"2025-04-16T14:21:55","slug":"tupungato-se-une-para-celebrar-el-dia-internacional-del-libro-y-del-derecho-de-autor","status":"publish","type":"post","link":"https:\/\/tupungato.gov.ar\/?p=45568","title":{"rendered":"Tupungato se une para celebrar el D\u00eda Internacional del Libro\u00a0y del Derecho de Autor"},"content":{"rendered":"\n<h3 class=\"wp-block-heading\">La conmemoraci\u00f3n de la literatura universal ser\u00e1 compartida entre la Muni, la Escuela Art\u00edstica Vocacional (EAV) Chalo Tuli\u00e1n, la Biblioteca Popular \u00abMirador de Estrellas\u00bb y la Radio Sin Due\u00f1o.\u00a0<\/h3>\n\n\n\n<p>Del 23 al 25 de abril habr\u00e1 propuestas para descubrir el mundo de los libros en sus diversos g\u00e9neros y de la escritura, con actividades orientadas a todas las edades y en diferentes sedes de espacios p\u00fablicos.\u00a0<br>La iniciativa se trabaja de forma conjunta con el objetivo de unir ideas y proyectos en favor que la cultura y la educaci\u00f3n de la comunidad crezcan.<\/p>\n\n\n\n<p class=\"has-text-align-center\"><img fetchpriority=\"high\" decoding=\"async\" width=\"800\" height=\"533\" class=\"wp-image-45577\" style=\"width: 800px;\" src=\"http:\/\/tupungato.gov.ar\/wp-content\/uploads\/2025\/04\/Dia-Internacional-del-Libro-Tgto.1.jpeg\" alt=\"\" srcset=\"https:\/\/tupungato.gov.ar\/wp-content\/uploads\/2025\/04\/Dia-Internacional-del-Libro-Tgto.1.jpeg 2560w, https:\/\/tupungato.gov.ar\/wp-content\/uploads\/2025\/04\/Dia-Internacional-del-Libro-Tgto.1-300x200.jpeg 300w, https:\/\/tupungato.gov.ar\/wp-content\/uploads\/2025\/04\/Dia-Internacional-del-Libro-Tgto.1-1024x682.jpeg 1024w, https:\/\/tupungato.gov.ar\/wp-content\/uploads\/2025\/04\/Dia-Internacional-del-Libro-Tgto.1-768x512.jpeg 768w, https:\/\/tupungato.gov.ar\/wp-content\/uploads\/2025\/04\/Dia-Internacional-del-Libro-Tgto.1-1536x1024.jpeg 1536w, https:\/\/tupungato.gov.ar\/wp-content\/uploads\/2025\/04\/Dia-Internacional-del-Libro-Tgto.1-2048x1365.jpeg 2048w\" sizes=\"(max-width: 800px) 100vw, 800px\" \/><\/p>\n\n\n\n<p><br><strong>Cronograma\u00a0<\/strong><br><strong>Mi\u00e9rcoles 23 de abril<\/strong><br><strong><em>\u00abPalabras al aire\u00bb<\/em><\/strong><br>-Actividades did\u00e1cticas\u00a0para escuelas primarias y\u00a0Radio Sin Due\u00f1o\u00a0<br>10 a 12 y<br>15 a 17h\u00a0<br>Plaza departamental\u00a0Grl. San Mart\u00edn<\/p>\n\n\n\n<p><strong>Inscripciones de escuelas<\/strong><br>Hasta el martes 22 de abril<br>Direcci\u00f3n de Cultura, de 8 a 14h, Sal\u00f3n de Actividades Art\u00edsticas Culturales (calle 9 de julio 175)<\/p>\n\n\n\n<p><strong>Jueves 24 de abril<\/strong><br><em><strong>\u00abEl jueves te cuento\u00bb<\/strong><\/em><br><em><strong>&#8211;\u00a0<\/strong><\/em>Taller de Narrativa<br>20 a 22h<br>EAV Chalo Tuli\u00e1n\u00a0<br>Pasaje Espa\u00f1a, B\u00b0 Los Nogales (Edificio Esc. Piaggi)<\/p>\n\n\n\n<p><strong>Viernes 25 de abril<\/strong><br><strong><em>\u00abEntre versos y caf\u00e9\u00bb<\/em><\/strong><br><strong><em>&#8211;\u00a0<\/em><\/strong>Caf\u00e9 Mate Literario\u00a0<br>20 a 22h<br>Hotel Turismo Tupungato (Av. Belgrano 1060)<\/p>\n\n\n\n<p><strong>Efem\u00e9ride<\/strong><br>El D\u00eda del Libro se remonta a 1926, el 23 de abril de 1616 fallec\u00edan Cervantes, Shakespeare e Inca Garcilaso de la Vega. Tambi\u00e9n en un 23 de abril nacieron \u2013 o murieron \u2013 otros escritores eminentes como Maurice Druon, K. Laxness, Vladimir Nabokov, Josep Pla o Manuel Mej\u00eda Vallejo. Por este motivo, esta fecha tan simb\u00f3lica fue la escogida por la Conferencia General de la UNESCO para rendir un homenaje mundial al libro y sus autores, y alentar a todos, en particular a los m\u00e1s j\u00f3venes, a descubrir el placer de la lectura y respetar la irreemplazable contribuci\u00f3n de los creadores al progreso social y cultural.<\/p>\n\n\n\n<figure class=\"wp-block-audio\"><audio controls src=\"https:\/\/tupungato.gov.ar\/wp-content\/uploads\/2025\/04\/Dir.-Cultura-Romina-Pinti-2-1.mp3\"><\/audio><figcaption class=\"wp-element-caption\">Dir. de Cultura Romina Pinti<\/figcaption><\/figure>\n","protected":false},"excerpt":{"rendered":"<p>La conmemoraci\u00f3n de la literatura universal ser\u00e1 compartida entre la Muni, la Escuela Art\u00edstica Vocacional (EAV) Chalo Tuli\u00e1n, la Biblioteca [&hellip;]<\/p>\n","protected":false},"author":3,"featured_media":45573,"comment_status":"closed","ping_status":"","sticky":false,"template":"","format":"standard","meta":{"_acf_changed":false,"site-sidebar-layout":"default","site-content-layout":"","ast-site-content-layout":"default","site-content-style":"default","site-sidebar-style":"default","ast-global-header-display":"","ast-banner-title-visibility":"","ast-main-header-display":"","ast-hfb-above-header-display":"","ast-hfb-below-header-display":"","ast-hfb-mobile-header-display":"","site-post-title":"","ast-breadcrumbs-content":"","ast-featured-img":"","footer-sml-layout":"","ast-disable-related-posts":"","theme-transparent-header-meta":"","adv-header-id-meta":"","stick-header-meta":"","header-above-stick-meta":"","header-main-stick-meta":"","header-below-stick-meta":"","astra-migrate-meta-layouts":"default","ast-page-background-enabled":"default","ast-page-background-meta":{"desktop":{"background-color":"var(--ast-global-color-4)","background-image":"","background-repeat":"repeat","background-position":"center center","background-size":"auto","background-attachment":"scroll","background-type":"","background-media":"","overlay-type":"","overlay-color":"","overlay-opacity":"","overlay-gradient":""},"tablet":{"background-color":"","background-image":"","background-repeat":"repeat","background-position":"center center","background-size":"auto","background-attachment":"scroll","background-type":"","background-media":"","overlay-type":"","overlay-color":"","overlay-opacity":"","overlay-gradient":""},"mobile":{"background-color":"","background-image":"","background-repeat":"repeat","background-position":"center center","background-size":"auto","background-attachment":"scroll","background-type":"","background-media":"","overlay-type":"","overlay-color":"","overlay-opacity":"","overlay-gradient":""}},"ast-content-background-meta":{"desktop":{"background-color":"var(--ast-global-color-5)","background-image":"","background-repeat":"repeat","background-position":"center center","background-size":"auto","background-attachment":"scroll","background-type":"","background-media":"","overlay-type":"","overlay-color":"","overlay-opacity":"","overlay-gradient":""},"tablet":{"background-color":"var(--ast-global-color-5)","background-image":"","background-repeat":"repeat","background-position":"center center","background-size":"auto","background-attachment":"scroll","background-type":"","background-media":"","overlay-type":"","overlay-color":"","overlay-opacity":"","overlay-gradient":""},"mobile":{"background-color":"var(--ast-global-color-5)","background-image":"","background-repeat":"repeat","background-position":"center center","background-size":"auto","background-attachment":"scroll","background-type":"","background-media":"","overlay-type":"","overlay-color":"","overlay-opacity":"","overlay-gradient":""}},"footnotes":""},"categories":[1],"tags":[],"class_list":["post-45568","post","type-post","status-publish","format-standard","has-post-thumbnail","hentry","category-sin-categoria"],"acf":[],"_links":{"self":[{"href":"https:\/\/tupungato.gov.ar\/index.php?rest_route=\/wp\/v2\/posts\/45568","targetHints":{"allow":["GET"]}}],"collection":[{"href":"https:\/\/tupungato.gov.ar\/index.php?rest_route=\/wp\/v2\/posts"}],"about":[{"href":"https:\/\/tupungato.gov.ar\/index.php?rest_route=\/wp\/v2\/types\/post"}],"author":[{"embeddable":true,"href":"https:\/\/tupungato.gov.ar\/index.php?rest_route=\/wp\/v2\/users\/3"}],"replies":[{"embeddable":true,"href":"https:\/\/tupungato.gov.ar\/index.php?rest_route=%2Fwp%2Fv2%2Fcomments&post=45568"}],"version-history":[{"count":1,"href":"https:\/\/tupungato.gov.ar\/index.php?rest_route=\/wp\/v2\/posts\/45568\/revisions"}],"predecessor-version":[{"id":45578,"href":"https:\/\/tupungato.gov.ar\/index.php?rest_route=\/wp\/v2\/posts\/45568\/revisions\/45578"}],"wp:featuredmedia":[{"embeddable":true,"href":"https:\/\/tupungato.gov.ar\/index.php?rest_route=\/wp\/v2\/media\/45573"}],"wp:attachment":[{"href":"https:\/\/tupungato.gov.ar\/index.php?rest_route=%2Fwp%2Fv2%2Fmedia&parent=45568"}],"wp:term":[{"taxonomy":"category","embeddable":true,"href":"https:\/\/tupungato.gov.ar\/index.php?rest_route=%2Fwp%2Fv2%2Fcategories&post=45568"},{"taxonomy":"post_tag","embeddable":true,"href":"https:\/\/tupungato.gov.ar\/index.php?rest_route=%2Fwp%2Fv2%2Ftags&post=45568"}],"curies":[{"name":"wp","href":"https:\/\/api.w.org\/{rel}","templated":true}]}}