{"id":45250,"date":"2025-04-03T11:56:52","date_gmt":"2025-04-03T14:56:52","guid":{"rendered":"https:\/\/tupungato.gov.ar\/?p=45250"},"modified":"2025-04-03T11:56:52","modified_gmt":"2025-04-03T14:56:52","slug":"gloria-y-honor-a-los-veteranos-de-malvinas","status":"publish","type":"post","link":"https:\/\/tupungato.gov.ar\/?p=45250","title":{"rendered":"Gloria y honor a los Veteranos de Malvinas"},"content":{"rendered":"\n<h3 class=\"wp-block-heading\">Tupungato acompa\u00f1\u00f3 durante la Vigilia del 2 de abril y los homenaje\u00f3 con un acto conmemorativo y desfile escolar-militar.<\/h3>\n\n\n\n<p>En un nuevo aniversario de la Gesta de Malvinas, el departamento abraz\u00f3 a sus Veteranos de Guerra y a los 649 Ca\u00eddos en tierras australes. Adem\u00e1s, hizo un especial reconocimiento a la familia de los VGM tupungatinos que han fallecido durante los \u00faltimos a\u00f1os por diferentes causas, \u00c1ngel Eduardo Alca\u00edn, Jos\u00e9 Ra\u00fal Altamiranda y Rogelio Evaristo M\u00e9ndez.&nbsp;<\/p>\n\n\n\n<p>El primero de abril por la noche, el Mandatario Gustavo Aguilera acompa\u00f1\u00f3 a los VGM tupungatinos y sus familiares en la Vigilia de los 43 a\u00f1os, organizada por el grupo de Veteranos en la Plaza H\u00e9roes de Malvinas,&nbsp;ubicada en&nbsp;el centro de barrio Los Nogales. Hasta el lugar se acercaron algunos vecinos, vecinas y previo a comenzar el evento caminaron en procesi\u00f3n hasta el Monumento de las Islas, y encendieron velas en s\u00edmbolo de iluminar las almas de los soldados argentinos que murieron durante el conflicto b\u00e9lico. Despu\u00e9s, m\u00fasicos locales, compartieron su arte ad honorem. Una vez que el reloj marc\u00f3 las doce, todos entonaron las estrofas del Himno Nacional Argentino con gran orgullo y emoci\u00f3n.<\/p>\n\n\n\n<p>Al d\u00eda siguiente se reunieron nuevamente los VGM junto a distintas autoridades del Ejecutivo y Legislativo local y provincial, referentes de las fuerzas vivas, Reinas departamentales de la Vendimia 2025, Julieta Renzi y Celina Flores, Reina del Adulto Mayor Elba Dellac y princesa de los Estudiantes para conmemorar el desembarco argentino en tierras australes. Acompa\u00f1aron las banderas de ceremonia de 32 instituciones educativas de todos los niveles, el glorioso Regimiento de Infanter\u00eda de Monta\u00f1a 11 Grl. Las Heras y la hist\u00f3rica Banda Militar Talcahuano.El evento inici\u00f3 pasadas las 9.30 con la formaci\u00f3n y paso de revista de las tropas presentes.&nbsp; A continuaci\u00f3n, se unieron las voces para cantar la m\u00e1xima canci\u00f3n patria y luego la Marcha de Malvinas que fueron ejecutadas por los m\u00fasicos del Regimiento.<br>El Padre Alejandro Squizziato comparti\u00f3 una bendici\u00f3n muy sentida al leer un fragmento de la carta escrita por un soldado de Malvinas a su madre.Continu\u00f3 la ceremonia de la ofrenda floral que la realizaron el Intendente junto con el Jefe del Regimiento, Teniente Coronel Franco Milton Gabriel Ponce junto a los VGM Mario Ag\u00fcero y Jorge Villegas, acto seguido hubo un respetuoso minuto de silencio.<br>Los VGM en 2017 recibieron de&nbsp;regalo de la Municipalidad de&nbsp;Tupungato una bandera nacional y cada a\u00f1o realizan el cambio de abanderado y escoltas, este a\u00f1o los portadores designados son, Abanderado: VGM Juan Carlos Chambi, Primera Escolta, VGM Daniel Sieli y Segunda Escolta, VGM Jos\u00e9 Alberto Muraciole.Despu\u00e9s lleg\u00f3 el momento de despedir de las banderas de ceremonias quienes se quedaron aguardando para el posterior desfile.<br>Previo al finalizar el evento se realiz\u00f3 el reconocimiento mediante la entrega de un obsequio a cada VGM y a las familias de los fallecidos. En esta oportunidad, el Municipio gestion\u00f3 la entrega de una caja con una copa&nbsp;y un vino y en el caso de los seres queridos de Alca\u00edn, Altamiranda y M\u00e9ndez recibieron un cuadro honor\u00edfico junto con ese regalo.&nbsp;<br>Las copas ten\u00edan grabadas las Islas, en el caso de los vinos y los cuadros de reconocimiento llevaban una etiqueta con una ilustraci\u00f3n de las Islas Malvinas, el sol atravesado por una cucarda con la frase \u00abPor siempre nuestros h\u00e9roes\u00bb, adem\u00e1s las islas con los nombres de Tupungato, Mendoza y Malvinas Argentinas con tipograf\u00eda de mapa,&nbsp; adem\u00e1s un casco de guerra.&nbsp;<\/p>\n\n\n\n<p>El cierre el acto fue con el desfile escolar- militar que naci\u00f3 desde la calle Monse\u00f1or Fern\u00e1ndez por Almirante Brown, seguido con aplausos por los vecinos y vecinas que se apostaban en las veredas y aplaud\u00edan con \u00e9nfasis el caminar de las escuelas, las tropas del RIM 11 y sobre todo de los VGM.<\/p>\n\n\n\n<figure class=\"wp-block-gallery has-nested-images columns-default is-cropped wp-block-gallery-1 is-layout-flex wp-block-gallery-is-layout-flex\">\n<figure class=\"wp-block-image size-large\"><img fetchpriority=\"high\" decoding=\"async\" width=\"1024\" height=\"683\" data-id=\"45254\" src=\"https:\/\/tupungato.gov.ar\/wp-content\/uploads\/2025\/04\/Acto-43-Aniv.-Malvinas-3-1024x683.jpg\" alt=\"\" class=\"wp-image-45254\" srcset=\"https:\/\/tupungato.gov.ar\/wp-content\/uploads\/2025\/04\/Acto-43-Aniv.-Malvinas-3-1024x683.jpg 1024w, https:\/\/tupungato.gov.ar\/wp-content\/uploads\/2025\/04\/Acto-43-Aniv.-Malvinas-3-300x200.jpg 300w, https:\/\/tupungato.gov.ar\/wp-content\/uploads\/2025\/04\/Acto-43-Aniv.-Malvinas-3-768x512.jpg 768w, https:\/\/tupungato.gov.ar\/wp-content\/uploads\/2025\/04\/Acto-43-Aniv.-Malvinas-3-1536x1024.jpg 1536w, https:\/\/tupungato.gov.ar\/wp-content\/uploads\/2025\/04\/Acto-43-Aniv.-Malvinas-3.jpg 2048w\" sizes=\"(max-width: 1024px) 100vw, 1024px\" \/><\/figure>\n\n\n\n<figure class=\"wp-block-image size-large\"><img decoding=\"async\" width=\"1024\" height=\"683\" data-id=\"45257\" src=\"https:\/\/tupungato.gov.ar\/wp-content\/uploads\/2025\/04\/Acto-43-Aniv.-Malvinas-2-1024x683.jpg\" alt=\"\" class=\"wp-image-45257\" srcset=\"https:\/\/tupungato.gov.ar\/wp-content\/uploads\/2025\/04\/Acto-43-Aniv.-Malvinas-2-1024x683.jpg 1024w, https:\/\/tupungato.gov.ar\/wp-content\/uploads\/2025\/04\/Acto-43-Aniv.-Malvinas-2-300x200.jpg 300w, https:\/\/tupungato.gov.ar\/wp-content\/uploads\/2025\/04\/Acto-43-Aniv.-Malvinas-2-768x512.jpg 768w, https:\/\/tupungato.gov.ar\/wp-content\/uploads\/2025\/04\/Acto-43-Aniv.-Malvinas-2-1536x1024.jpg 1536w, https:\/\/tupungato.gov.ar\/wp-content\/uploads\/2025\/04\/Acto-43-Aniv.-Malvinas-2.jpg 2048w\" sizes=\"(max-width: 1024px) 100vw, 1024px\" \/><\/figure>\n\n\n\n<figure class=\"wp-block-image size-large\"><img decoding=\"async\" width=\"1024\" height=\"683\" data-id=\"45256\" src=\"https:\/\/tupungato.gov.ar\/wp-content\/uploads\/2025\/04\/Acto-43-Aniv.-Malvinas-1-1-1024x683.jpg\" alt=\"\" class=\"wp-image-45256\" srcset=\"https:\/\/tupungato.gov.ar\/wp-content\/uploads\/2025\/04\/Acto-43-Aniv.-Malvinas-1-1-1024x683.jpg 1024w, https:\/\/tupungato.gov.ar\/wp-content\/uploads\/2025\/04\/Acto-43-Aniv.-Malvinas-1-1-300x200.jpg 300w, https:\/\/tupungato.gov.ar\/wp-content\/uploads\/2025\/04\/Acto-43-Aniv.-Malvinas-1-1-768x512.jpg 768w, https:\/\/tupungato.gov.ar\/wp-content\/uploads\/2025\/04\/Acto-43-Aniv.-Malvinas-1-1-1536x1024.jpg 1536w, https:\/\/tupungato.gov.ar\/wp-content\/uploads\/2025\/04\/Acto-43-Aniv.-Malvinas-1-1.jpg 2048w\" sizes=\"(max-width: 1024px) 100vw, 1024px\" \/><\/figure>\n\n\n\n<figure class=\"wp-block-image size-large\"><img loading=\"lazy\" decoding=\"async\" width=\"1024\" height=\"683\" data-id=\"45255\" src=\"https:\/\/tupungato.gov.ar\/wp-content\/uploads\/2025\/04\/Acto-43-Aniv.-Malvinas-1024x683.jpg\" alt=\"\" class=\"wp-image-45255\" srcset=\"https:\/\/tupungato.gov.ar\/wp-content\/uploads\/2025\/04\/Acto-43-Aniv.-Malvinas-1024x683.jpg 1024w, https:\/\/tupungato.gov.ar\/wp-content\/uploads\/2025\/04\/Acto-43-Aniv.-Malvinas-300x200.jpg 300w, https:\/\/tupungato.gov.ar\/wp-content\/uploads\/2025\/04\/Acto-43-Aniv.-Malvinas-768x512.jpg 768w, https:\/\/tupungato.gov.ar\/wp-content\/uploads\/2025\/04\/Acto-43-Aniv.-Malvinas-1536x1024.jpg 1536w, https:\/\/tupungato.gov.ar\/wp-content\/uploads\/2025\/04\/Acto-43-Aniv.-Malvinas.jpg 2048w\" sizes=\"(max-width: 1024px) 100vw, 1024px\" \/><\/figure>\n<\/figure>\n\n\n\n<figure class=\"wp-block-audio\"><audio controls src=\"https:\/\/tupungato.gov.ar\/wp-content\/uploads\/2025\/04\/Intendente-Gustavo-Aguilera-11-1.mp3\"><\/audio><figcaption class=\"wp-element-caption\">Intendente Gustavo Aguilera<\/figcaption><\/figure>\n\n\n\n<figure class=\"wp-block-audio\"><audio controls src=\"https:\/\/tupungato.gov.ar\/wp-content\/uploads\/2025\/04\/VGM-Muraciole.mp3\"><\/audio><figcaption class=\"wp-element-caption\">VGM Muraciole<\/figcaption><\/figure>\n","protected":false},"excerpt":{"rendered":"<p>Tupungato acompa\u00f1\u00f3 durante la Vigilia del 2 de abril y los homenaje\u00f3 con un acto conmemorativo y desfile escolar-militar. En [&hellip;]<\/p>\n","protected":false},"author":3,"featured_media":45251,"comment_status":"closed","ping_status":"","sticky":false,"template":"","format":"standard","meta":{"_acf_changed":false,"site-sidebar-layout":"default","site-content-layout":"","ast-site-content-layout":"default","site-content-style":"default","site-sidebar-style":"default","ast-global-header-display":"","ast-banner-title-visibility":"","ast-main-header-display":"","ast-hfb-above-header-display":"","ast-hfb-below-header-display":"","ast-hfb-mobile-header-display":"","site-post-title":"","ast-breadcrumbs-content":"","ast-featured-img":"","footer-sml-layout":"","ast-disable-related-posts":"","theme-transparent-header-meta":"","adv-header-id-meta":"","stick-header-meta":"","header-above-stick-meta":"","header-main-stick-meta":"","header-below-stick-meta":"","astra-migrate-meta-layouts":"default","ast-page-background-enabled":"default","ast-page-background-meta":{"desktop":{"background-color":"var(--ast-global-color-4)","background-image":"","background-repeat":"repeat","background-position":"center center","background-size":"auto","background-attachment":"scroll","background-type":"","background-media":"","overlay-type":"","overlay-color":"","overlay-opacity":"","overlay-gradient":""},"tablet":{"background-color":"","background-image":"","background-repeat":"repeat","background-position":"center center","background-size":"auto","background-attachment":"scroll","background-type":"","background-media":"","overlay-type":"","overlay-color":"","overlay-opacity":"","overlay-gradient":""},"mobile":{"background-color":"","background-image":"","background-repeat":"repeat","background-position":"center center","background-size":"auto","background-attachment":"scroll","background-type":"","background-media":"","overlay-type":"","overlay-color":"","overlay-opacity":"","overlay-gradient":""}},"ast-content-background-meta":{"desktop":{"background-color":"var(--ast-global-color-5)","background-image":"","background-repeat":"repeat","background-position":"center center","background-size":"auto","background-attachment":"scroll","background-type":"","background-media":"","overlay-type":"","overlay-color":"","overlay-opacity":"","overlay-gradient":""},"tablet":{"background-color":"var(--ast-global-color-5)","background-image":"","background-repeat":"repeat","background-position":"center center","background-size":"auto","background-attachment":"scroll","background-type":"","background-media":"","overlay-type":"","overlay-color":"","overlay-opacity":"","overlay-gradient":""},"mobile":{"background-color":"var(--ast-global-color-5)","background-image":"","background-repeat":"repeat","background-position":"center center","background-size":"auto","background-attachment":"scroll","background-type":"","background-media":"","overlay-type":"","overlay-color":"","overlay-opacity":"","overlay-gradient":""}},"footnotes":""},"categories":[1],"tags":[],"class_list":["post-45250","post","type-post","status-publish","format-standard","has-post-thumbnail","hentry","category-sin-categoria"],"acf":[],"_links":{"self":[{"href":"https:\/\/tupungato.gov.ar\/index.php?rest_route=\/wp\/v2\/posts\/45250","targetHints":{"allow":["GET"]}}],"collection":[{"href":"https:\/\/tupungato.gov.ar\/index.php?rest_route=\/wp\/v2\/posts"}],"about":[{"href":"https:\/\/tupungato.gov.ar\/index.php?rest_route=\/wp\/v2\/types\/post"}],"author":[{"embeddable":true,"href":"https:\/\/tupungato.gov.ar\/index.php?rest_route=\/wp\/v2\/users\/3"}],"replies":[{"embeddable":true,"href":"https:\/\/tupungato.gov.ar\/index.php?rest_route=%2Fwp%2Fv2%2Fcomments&post=45250"}],"version-history":[{"count":1,"href":"https:\/\/tupungato.gov.ar\/index.php?rest_route=\/wp\/v2\/posts\/45250\/revisions"}],"predecessor-version":[{"id":45258,"href":"https:\/\/tupungato.gov.ar\/index.php?rest_route=\/wp\/v2\/posts\/45250\/revisions\/45258"}],"wp:featuredmedia":[{"embeddable":true,"href":"https:\/\/tupungato.gov.ar\/index.php?rest_route=\/wp\/v2\/media\/45251"}],"wp:attachment":[{"href":"https:\/\/tupungato.gov.ar\/index.php?rest_route=%2Fwp%2Fv2%2Fmedia&parent=45250"}],"wp:term":[{"taxonomy":"category","embeddable":true,"href":"https:\/\/tupungato.gov.ar\/index.php?rest_route=%2Fwp%2Fv2%2Fcategories&post=45250"},{"taxonomy":"post_tag","embeddable":true,"href":"https:\/\/tupungato.gov.ar\/index.php?rest_route=%2Fwp%2Fv2%2Ftags&post=45250"}],"curies":[{"name":"wp","href":"https:\/\/api.w.org\/{rel}","templated":true}]}}