{"id":43517,"date":"2024-12-23T15:13:36","date_gmt":"2024-12-23T18:13:36","guid":{"rendered":"https:\/\/tupungato.gov.ar\/?p=43517"},"modified":"2024-12-23T15:13:56","modified_gmt":"2024-12-23T18:13:56","slug":"finalizaron-las-muestras-anuales-de-los-talleres-culturales-artisticos-y-de-oficio","status":"publish","type":"post","link":"https:\/\/tupungato.gov.ar\/?p=43517","title":{"rendered":"Finalizaron las muestras anuales de los Talleres Culturales, Art\u00edsticos y de Oficio"},"content":{"rendered":"\n<h3 class=\"wp-block-heading\">Fueron tres semanas donde la comunidad pudo ver y disfrutar del talento, la constancia y la dedicaci\u00f3n de quienes durante el 2024 participaron de las clases de danzas y aprendizajes de oficio, propuestas federalizadas para que en todos los rincones del departamento crezca el arte.<\/h3>\n\n\n\n<p>A principios de diciembre iniciaron las Muestras Anuales de los Talleres Culturales Art\u00edsticos Culturales, exponiendo el saber y la pasi\u00f3n de cientos de tupungatinos por la m\u00fasica y el arte desde\u00a0infancias hasta personas mayores.\u00a0\u00a0<br>Abrieron las presentaciones de los talleres los bailarines de Danzas Andinas \u00abSol de Tupungato\u00bb en el Sal\u00f3n de Actividades Culturales Art\u00edsticas de Ciudad. Un grupo que inici\u00f3 en 2017,\u00a0compuesto por ni\u00f1as, ni\u00f1os, j\u00f3venes y adultos entre 7 y 50 a\u00f1os de edad, que se destacan por sus trajes originales tra\u00eddos especialmente desde Bolivia. En su repertorio mostraron al p\u00fablico presente diferentes ritmos del folklore\u00a0boliviano como: caporal, tinku, salay, cuecas nacionales entre otros.<br>Al lunes siguiente siguieron los cierres de Pintura, el Taller Literario \u00abVendimiadores de Cuyo\u00bb y del Coro en el Hotel Turismo Tupungato, los asistentes vieron las obras de los artistas expuestas en atriles, adem\u00e1s escucharon la lectura de textos creativos y oyeron algunas interpretaciones de los coristas.<br>El viernes de esa semana vecinas y vecinos que se formaron en diversos oficios sacaron a luz en la ciudad tupungatina lo aprendido y creado con t\u00e9cnicas de Tejido, Amigurumis, Macram\u00e9, mientras que quienes asistieron a Peluquer\u00eda, Maquillaje Art\u00edstico y Social, Corte y Confecci\u00f3n revelaron sus conocimientos mediante un desfile creativo frente a la Explanada Municipal. Ese d\u00eda tambi\u00e9n bailaron los conjuntos de Ritmos Latinos \u201cSals\u00f3n\u201d, con bachatas y merengues, adem\u00e1s estuvieron los bailaores de Danzas Espa\u00f1olas \u201cAlmer\u00eda\u201d desde los infantiles hasta adultas que se ganaron los ol\u00e9 del p\u00fablico en cada pasada.<br>Continuaron las puestas sobre escenario de Teclado, Guitarra, Ukelele y Danzas Folkl\u00f3ricas De Ciudad que compartieron sus cierres el s\u00e1bado del Sal\u00f3n de Ciudad donde familiares y seres queridos aplaudieron los ritmos logrados por los potenciales m\u00fasicos e hicieron lo mismo con las coreograf\u00edas del conjunto tradicional que est\u00e1 pronto a cumplir sus 25 a\u00f1os de creaci\u00f3n y cerr\u00f3 un excelente 2024.<br>La semana siguiente fue el turno en La Arboleda se present\u00f3 \u00abFalak\u00bb, taller de danzas \u00e1rabes que tuvo su espect\u00e1culo donde los bailarines se lucieron\u00a0frente a su localidad.<br>Al otro d\u00eda \u00abThe Star Factory\u00bb\u00a0 llen\u00f3 de energ\u00eda y alegr\u00eda el Sal\u00f3n con sus ritmos urbanos de gran nivel.<br>\u00a0La pen\u00faltima muestra fue de Danzas Folkl\u00f3ricas en San Jos\u00e9, un taller que desde 2015 sigue afianzando nuestra cultura y nuestro folklore a trav\u00e9s de la danza.<br>Los responsables de cerrar las muestras anuales fueron los grupos del Cord\u00f3n del Plata, \u00abPewmaf\u00e9\u00bb variadas danzas de folklore como cuecas, gatos, chacareras y hasta una rancherita, entre otros; sus actuaciones fueron intercalando con de los bailes caporales de todas las categor\u00edas de \u00abUnidos del Plata\u00bb. La finalizaci\u00f3n de las muestras representan la pluricultura que hace de Tupungato una tierra de m\u00fasicos, bailarines, artesanos y esteticistas exitosos, con creatividad sin techo. \u00a1Por un 2025 con m\u00e1s artistas locales!<\/p>\n\n\n\n<p><img decoding=\"async\" width=\"150\" height=\"100\" class=\"wp-image-43531\" style=\"width: 150px;\" src=\"http:\/\/tupungato.gov.ar\/wp-content\/uploads\/2024\/12\/Cierre-Anual-de-Talleres-Artisticos-Culturales-y-de-Oficio-9.jpg\" alt=\"\" srcset=\"https:\/\/tupungato.gov.ar\/wp-content\/uploads\/2024\/12\/Cierre-Anual-de-Talleres-Artisticos-Culturales-y-de-Oficio-9.jpg 1620w, https:\/\/tupungato.gov.ar\/wp-content\/uploads\/2024\/12\/Cierre-Anual-de-Talleres-Artisticos-Culturales-y-de-Oficio-9-300x200.jpg 300w, https:\/\/tupungato.gov.ar\/wp-content\/uploads\/2024\/12\/Cierre-Anual-de-Talleres-Artisticos-Culturales-y-de-Oficio-9-1024x683.jpg 1024w, https:\/\/tupungato.gov.ar\/wp-content\/uploads\/2024\/12\/Cierre-Anual-de-Talleres-Artisticos-Culturales-y-de-Oficio-9-768x512.jpg 768w, https:\/\/tupungato.gov.ar\/wp-content\/uploads\/2024\/12\/Cierre-Anual-de-Talleres-Artisticos-Culturales-y-de-Oficio-9-1536x1024.jpg 1536w\" sizes=\"(max-width: 150px) 100vw, 150px\" \/> <img decoding=\"async\" width=\"150\" height=\"100\" class=\"wp-image-43530\" style=\"width: 150px;\" src=\"http:\/\/tupungato.gov.ar\/wp-content\/uploads\/2024\/12\/Cierre-Anual-de-Talleres-Artisticos-Culturales-y-de-Oficio-8.jpg\" alt=\"\" srcset=\"https:\/\/tupungato.gov.ar\/wp-content\/uploads\/2024\/12\/Cierre-Anual-de-Talleres-Artisticos-Culturales-y-de-Oficio-8.jpg 1620w, https:\/\/tupungato.gov.ar\/wp-content\/uploads\/2024\/12\/Cierre-Anual-de-Talleres-Artisticos-Culturales-y-de-Oficio-8-300x200.jpg 300w, https:\/\/tupungato.gov.ar\/wp-content\/uploads\/2024\/12\/Cierre-Anual-de-Talleres-Artisticos-Culturales-y-de-Oficio-8-1024x683.jpg 1024w, https:\/\/tupungato.gov.ar\/wp-content\/uploads\/2024\/12\/Cierre-Anual-de-Talleres-Artisticos-Culturales-y-de-Oficio-8-768x512.jpg 768w, https:\/\/tupungato.gov.ar\/wp-content\/uploads\/2024\/12\/Cierre-Anual-de-Talleres-Artisticos-Culturales-y-de-Oficio-8-1536x1024.jpg 1536w\" sizes=\"(max-width: 150px) 100vw, 150px\" \/> <img decoding=\"async\" width=\"150\" height=\"100\" class=\"wp-image-43528\" style=\"width: 150px;\" src=\"http:\/\/tupungato.gov.ar\/wp-content\/uploads\/2024\/12\/Cierre-Anual-de-Talleres-Artisticos-Culturales-y-de-Oficio-6.jpg\" alt=\"\" srcset=\"https:\/\/tupungato.gov.ar\/wp-content\/uploads\/2024\/12\/Cierre-Anual-de-Talleres-Artisticos-Culturales-y-de-Oficio-6.jpg 1620w, https:\/\/tupungato.gov.ar\/wp-content\/uploads\/2024\/12\/Cierre-Anual-de-Talleres-Artisticos-Culturales-y-de-Oficio-6-300x200.jpg 300w, https:\/\/tupungato.gov.ar\/wp-content\/uploads\/2024\/12\/Cierre-Anual-de-Talleres-Artisticos-Culturales-y-de-Oficio-6-1024x683.jpg 1024w, https:\/\/tupungato.gov.ar\/wp-content\/uploads\/2024\/12\/Cierre-Anual-de-Talleres-Artisticos-Culturales-y-de-Oficio-6-768x512.jpg 768w, https:\/\/tupungato.gov.ar\/wp-content\/uploads\/2024\/12\/Cierre-Anual-de-Talleres-Artisticos-Culturales-y-de-Oficio-6-1536x1024.jpg 1536w\" sizes=\"(max-width: 150px) 100vw, 150px\" \/> <img loading=\"lazy\" decoding=\"async\" width=\"150\" height=\"100\" class=\"wp-image-43525\" style=\"width: 150px;\" src=\"http:\/\/tupungato.gov.ar\/wp-content\/uploads\/2024\/12\/Cierre-Anual-de-Talleres-Artisticos-Culturales-y-de-Oficio-3.jpg\" alt=\"\" srcset=\"https:\/\/tupungato.gov.ar\/wp-content\/uploads\/2024\/12\/Cierre-Anual-de-Talleres-Artisticos-Culturales-y-de-Oficio-3.jpg 1620w, https:\/\/tupungato.gov.ar\/wp-content\/uploads\/2024\/12\/Cierre-Anual-de-Talleres-Artisticos-Culturales-y-de-Oficio-3-300x200.jpg 300w, https:\/\/tupungato.gov.ar\/wp-content\/uploads\/2024\/12\/Cierre-Anual-de-Talleres-Artisticos-Culturales-y-de-Oficio-3-1024x683.jpg 1024w, https:\/\/tupungato.gov.ar\/wp-content\/uploads\/2024\/12\/Cierre-Anual-de-Talleres-Artisticos-Culturales-y-de-Oficio-3-768x512.jpg 768w, https:\/\/tupungato.gov.ar\/wp-content\/uploads\/2024\/12\/Cierre-Anual-de-Talleres-Artisticos-Culturales-y-de-Oficio-3-1536x1024.jpg 1536w\" sizes=\"(max-width: 150px) 100vw, 150px\" \/> <img loading=\"lazy\" decoding=\"async\" width=\"150\" height=\"100\" class=\"wp-image-43524\" style=\"width: 150px;\" src=\"http:\/\/tupungato.gov.ar\/wp-content\/uploads\/2024\/12\/Cierre-Anual-de-Talleres-Artisticos-Culturales-y-de-Oficio-2.jpg\" alt=\"\" srcset=\"https:\/\/tupungato.gov.ar\/wp-content\/uploads\/2024\/12\/Cierre-Anual-de-Talleres-Artisticos-Culturales-y-de-Oficio-2.jpg 1620w, https:\/\/tupungato.gov.ar\/wp-content\/uploads\/2024\/12\/Cierre-Anual-de-Talleres-Artisticos-Culturales-y-de-Oficio-2-300x200.jpg 300w, https:\/\/tupungato.gov.ar\/wp-content\/uploads\/2024\/12\/Cierre-Anual-de-Talleres-Artisticos-Culturales-y-de-Oficio-2-1024x683.jpg 1024w, https:\/\/tupungato.gov.ar\/wp-content\/uploads\/2024\/12\/Cierre-Anual-de-Talleres-Artisticos-Culturales-y-de-Oficio-2-768x512.jpg 768w, https:\/\/tupungato.gov.ar\/wp-content\/uploads\/2024\/12\/Cierre-Anual-de-Talleres-Artisticos-Culturales-y-de-Oficio-2-1536x1024.jpg 1536w\" sizes=\"(max-width: 150px) 100vw, 150px\" \/> <img loading=\"lazy\" decoding=\"async\" width=\"150\" height=\"100\" class=\"wp-image-43529\" style=\"width: 150px;\" src=\"http:\/\/tupungato.gov.ar\/wp-content\/uploads\/2024\/12\/Cierre-Anual-de-Talleres-Artisticos-Culturales-y-de-Oficio-7.jpg\" alt=\"\" srcset=\"https:\/\/tupungato.gov.ar\/wp-content\/uploads\/2024\/12\/Cierre-Anual-de-Talleres-Artisticos-Culturales-y-de-Oficio-7.jpg 1620w, https:\/\/tupungato.gov.ar\/wp-content\/uploads\/2024\/12\/Cierre-Anual-de-Talleres-Artisticos-Culturales-y-de-Oficio-7-300x200.jpg 300w, https:\/\/tupungato.gov.ar\/wp-content\/uploads\/2024\/12\/Cierre-Anual-de-Talleres-Artisticos-Culturales-y-de-Oficio-7-1024x683.jpg 1024w, https:\/\/tupungato.gov.ar\/wp-content\/uploads\/2024\/12\/Cierre-Anual-de-Talleres-Artisticos-Culturales-y-de-Oficio-7-768x512.jpg 768w, https:\/\/tupungato.gov.ar\/wp-content\/uploads\/2024\/12\/Cierre-Anual-de-Talleres-Artisticos-Culturales-y-de-Oficio-7-1536x1024.jpg 1536w\" sizes=\"(max-width: 150px) 100vw, 150px\" \/><\/p>\n\n\n\n<p><\/p>\n\n\n\n<figure class=\"wp-block-audio\"><audio controls src=\"https:\/\/tupungato.gov.ar\/wp-content\/uploads\/2024\/12\/Dir.-Cultura-Romina-Pinti.mp3\"><\/audio><figcaption class=\"wp-element-caption\">Dir. Cultura Romina Pinti<\/figcaption><\/figure>\n\n\n\n<p><br><\/p>\n","protected":false},"excerpt":{"rendered":"<p>Fueron tres semanas donde la comunidad pudo ver y disfrutar del talento, la constancia y la dedicaci\u00f3n de quienes durante [&hellip;]<\/p>\n","protected":false},"author":3,"featured_media":43519,"comment_status":"closed","ping_status":"","sticky":false,"template":"","format":"standard","meta":{"_acf_changed":false,"site-sidebar-layout":"default","site-content-layout":"","ast-site-content-layout":"default","site-content-style":"default","site-sidebar-style":"default","ast-global-header-display":"","ast-banner-title-visibility":"","ast-main-header-display":"","ast-hfb-above-header-display":"","ast-hfb-below-header-display":"","ast-hfb-mobile-header-display":"","site-post-title":"","ast-breadcrumbs-content":"","ast-featured-img":"","footer-sml-layout":"","ast-disable-related-posts":"","theme-transparent-header-meta":"","adv-header-id-meta":"","stick-header-meta":"","header-above-stick-meta":"","header-main-stick-meta":"","header-below-stick-meta":"","astra-migrate-meta-layouts":"default","ast-page-background-enabled":"default","ast-page-background-meta":{"desktop":{"background-color":"var(--ast-global-color-4)","background-image":"","background-repeat":"repeat","background-position":"center center","background-size":"auto","background-attachment":"scroll","background-type":"","background-media":"","overlay-type":"","overlay-color":"","overlay-opacity":"","overlay-gradient":""},"tablet":{"background-color":"","background-image":"","background-repeat":"repeat","background-position":"center center","background-size":"auto","background-attachment":"scroll","background-type":"","background-media":"","overlay-type":"","overlay-color":"","overlay-opacity":"","overlay-gradient":""},"mobile":{"background-color":"","background-image":"","background-repeat":"repeat","background-position":"center center","background-size":"auto","background-attachment":"scroll","background-type":"","background-media":"","overlay-type":"","overlay-color":"","overlay-opacity":"","overlay-gradient":""}},"ast-content-background-meta":{"desktop":{"background-color":"var(--ast-global-color-5)","background-image":"","background-repeat":"repeat","background-position":"center center","background-size":"auto","background-attachment":"scroll","background-type":"","background-media":"","overlay-type":"","overlay-color":"","overlay-opacity":"","overlay-gradient":""},"tablet":{"background-color":"var(--ast-global-color-5)","background-image":"","background-repeat":"repeat","background-position":"center center","background-size":"auto","background-attachment":"scroll","background-type":"","background-media":"","overlay-type":"","overlay-color":"","overlay-opacity":"","overlay-gradient":""},"mobile":{"background-color":"var(--ast-global-color-5)","background-image":"","background-repeat":"repeat","background-position":"center center","background-size":"auto","background-attachment":"scroll","background-type":"","background-media":"","overlay-type":"","overlay-color":"","overlay-opacity":"","overlay-gradient":""}},"footnotes":""},"categories":[53,66,100],"tags":[],"class_list":["post-43517","post","type-post","status-publish","format-standard","has-post-thumbnail","hentry","category-d-desarrollo-cultural","category-dir-de-cultura","category-municipio"],"acf":[],"_links":{"self":[{"href":"https:\/\/tupungato.gov.ar\/index.php?rest_route=\/wp\/v2\/posts\/43517","targetHints":{"allow":["GET"]}}],"collection":[{"href":"https:\/\/tupungato.gov.ar\/index.php?rest_route=\/wp\/v2\/posts"}],"about":[{"href":"https:\/\/tupungato.gov.ar\/index.php?rest_route=\/wp\/v2\/types\/post"}],"author":[{"embeddable":true,"href":"https:\/\/tupungato.gov.ar\/index.php?rest_route=\/wp\/v2\/users\/3"}],"replies":[{"embeddable":true,"href":"https:\/\/tupungato.gov.ar\/index.php?rest_route=%2Fwp%2Fv2%2Fcomments&post=43517"}],"version-history":[{"count":2,"href":"https:\/\/tupungato.gov.ar\/index.php?rest_route=\/wp\/v2\/posts\/43517\/revisions"}],"predecessor-version":[{"id":43533,"href":"https:\/\/tupungato.gov.ar\/index.php?rest_route=\/wp\/v2\/posts\/43517\/revisions\/43533"}],"wp:featuredmedia":[{"embeddable":true,"href":"https:\/\/tupungato.gov.ar\/index.php?rest_route=\/wp\/v2\/media\/43519"}],"wp:attachment":[{"href":"https:\/\/tupungato.gov.ar\/index.php?rest_route=%2Fwp%2Fv2%2Fmedia&parent=43517"}],"wp:term":[{"taxonomy":"category","embeddable":true,"href":"https:\/\/tupungato.gov.ar\/index.php?rest_route=%2Fwp%2Fv2%2Fcategories&post=43517"},{"taxonomy":"post_tag","embeddable":true,"href":"https:\/\/tupungato.gov.ar\/index.php?rest_route=%2Fwp%2Fv2%2Ftags&post=43517"}],"curies":[{"name":"wp","href":"https:\/\/api.w.org\/{rel}","templated":true}]}}