{"id":20804,"date":"2021-05-20T11:33:19","date_gmt":"2021-05-20T11:33:19","guid":{"rendered":"https:\/\/tupungato.gov.ar\/?p=19698"},"modified":"2021-05-20T11:33:19","modified_gmt":"2021-05-20T11:33:19","slug":"la-iv-brigada-aerea-brindo-una-capacitacion-para-evacuacion-rescate-y-traslado-de-heridos","status":"publish","type":"post","link":"https:\/\/tupungato.gov.ar\/?p=20804","title":{"rendered":"La IV Brigada A\u00e9rea brind\u00f3 una capacitaci\u00f3n para evacuaci\u00f3n, rescate y traslado de heridos"},"content":{"rendered":"<div dir=\"auto\">Este mi\u00e9rcoles por la ma\u00f1ana el Escuadr\u00f3n LAMA, perteneciente a la Fuerza A\u00e9rea Argentina, arrib\u00f3 a la pista principal del Polideportivo Municipal Francisco Rizzo -a bordo de un Helic\u00f3ptero SA 315B matr\u00edcula H-68- para dictar un curso pr\u00e1ctico a efectores de seguridad y sanidad, sobre traslado de lesionados en situaciones de extrema urgencia, o en casos donde las v\u00edas de acceso terrestre al departamento se encuentren bloqueadas por alg\u00fan hecho fortuito.<\/div>\n<div dir=\"auto\"><img fetchpriority=\"high\" decoding=\"async\" class=\"wp-image-19699 aligncenter\" src=\"http:\/\/tupungato.gov.ar\/wp-content\/uploads\/2021\/05\/Capacitacion-IV-Brigada-Aerea1-300x200.jpg\" alt=\"\" width=\"500\" height=\"333\" \/><\/div>\n<div>La actividad fue coordinada por el \u00c1rea de Defensa Civil del Municipio de Tupungato y cont\u00f3 con la presencia del Intendente Gustavo Soto, quien se acerc\u00f3 al lugar para dar la bienvenida al equipo de la IV Brigada A\u00e9rea.<\/div>\n<div>\u00a0<\/div>\n<div>Participaron de la capacitaci\u00f3n los componentes de Defensa Civil, personal de Bomberos, del Hospital General Las Heras, la Patrulla de\u00a0<span class=\"gmail_default\">R<\/span>escate del Regimiento de Infanter\u00eda de Monta\u00f1a N\u00b0 11,\u00a0<span class=\"gmail_default\">I<\/span>nspectores de\u00a0<span class=\"gmail_default\">T<\/span>r\u00e1nsito e integrantes de la\u00a0ONG Brigada\u00a0<span class=\"gmail_default\">Voluntaria\u00a0<\/span>de Rescate de Tupungato.<\/div>\n<div dir=\"auto\">El objetivo de este trabajo fue vincular el accionar del Escuadr\u00f3n LAMA con las instituciones participantes y formar a los asistentes en el sistema operativo de rescate a\u00e9reo en un accidente.<\/div>\n<div dir=\"auto\">Durante la capacitaci\u00f3n se dividi\u00f3 a los concurrentes en dos grupos de trabajo para respetar el aislamiento social. Los pilotos del LAMA explicaron su tarea y el modo de trasladar un herido en camilla, hacia la cabina del helic\u00f3ptero, para luego dirigirse hasta\u00a0un establecimiento de atenci\u00f3n a la salud.<\/div>\n<div dir=\"auto\"><img decoding=\"async\" class=\"wp-image-19702 aligncenter\" src=\"http:\/\/tupungato.gov.ar\/wp-content\/uploads\/2021\/05\/Capacitacion-IV-Brigada-Aerea7-300x200.jpg\" alt=\"\" width=\"500\" height=\"333\" \/><\/div>\n<div dir=\"auto\">Algunos de los participantes oficiaron de accidentados y rescatistas llevando de esta manera a la pr\u00e1ctica las indicaciones brindadas por los aviadores militares. En el proceso del curso, hubo consultas de los efectores, para poder aplicar de forma correcta la ense\u00f1anza recibida.<\/div>\n<div dir=\"auto\">La capacitaci\u00f3n de este mi\u00e9rcoles complet\u00f3 una pr\u00e1ctica previa que oportunamente se realiz\u00f3 el 3 de marzo, cuando el Helic\u00f3ptero H-68, visit\u00f3 el departamento y realiz\u00f3 maniobras a\u00e9reas sobre la pista del Polideportivo.<\/div>\n<div dir=\"auto\">Respecto de cu\u00e1l es la importancia que personal de seguridad y sanidad del departamento reciban esta formaci\u00f3n el Coordinador de Defensa Civil, Carlos R\u00edos, expres\u00f3 \u201cNos tenemos que formar porque las v\u00edas de evacuaci\u00f3n no siempre pueden estar disponibles, puede surgir alg\u00fan imprevisto natural que las bloquee, por lo tanto, tenemos que poder contar y realizar coordinaciones con los elementos que nos van a brindar la seguridad a\u00e9rea\u201d.<\/div>\n<div dir=\"auto\"><img decoding=\"async\" class=\"wp-image-19701 aligncenter\" src=\"http:\/\/tupungato.gov.ar\/wp-content\/uploads\/2021\/05\/Capacitacion-IV-Brigada-Aerea2-300x200.jpg\" alt=\"\" width=\"500\" height=\"333\" \/><\/div>\n<div dir=\"auto\">Por su parte el Piloto y Primer Teniente, Fernando Garc\u00eda, dio su parecer tras brindar la capacitaci\u00f3n, \u201cEs trascendente trabajar con distintos grupos, porque las circunstancias en un momento determinado, pueden llevar a que no tengamos personal desplegado en determinadas zonas y s\u00ed que haya personal de otras instituciones, es importante que sepan trabajar con nosotros para hacer m\u00e1s efectiva la tarea\u201d. \u00a0<\/div>\n<div><b><span style=\"color: #444444;\">El Escuadr\u00f3n Lama<\/span><\/b><\/div>\n<div>El 15 de agosto de 1977 se cre\u00f3 el Escuadr\u00f3n de B\u00fasqueda y Tareas Especiales por orden reservada N\u00ba 31 de la IV Brigada A\u00e9rea, conocido posteriormente como Escuadr\u00f3n Lama.<\/div>\n<div>Al comienzo estuvo integrado por dos escuadrillas, los primeros cuatro Helic\u00f3pteros SA 315B Lama proced\u00edan de la VII Brigada A\u00e9rea de Mor\u00f3n, se trataban de las m\u00e1quinas matriculadas H-61, H-62 H-64 y H-66.<\/div>\n<div>\u00a0El 22 de agosto los pilotos tuvieron su primera misi\u00f3n, el rescate de personal de Agua y Energ\u00eda El\u00e9ctrica, para la cual se desplazaron dos m\u00e1quinas hacia el r\u00edo de los Patos, provincia de San Juan.<\/div>\n<div>Las misiones asignadas al Escuadr\u00f3n Lama son b\u00fasqueda y rescate de aeronaves perdidas y accidentadas; la evacuaci\u00f3n sanitaria y suministro a\u00e9reo de alimentos; la asistencia a poblaciones aisladas por aludes o inundaciones; rescate a arrieros y puesteros durante la temporada invernal; el apoyo a la extinci\u00f3n de incendios; el traslado de personal para la instalaci\u00f3n de refugios y la operaci\u00f3n conjunta con el Ej\u00e9rcito Argentino y la Gendarmer\u00eda Nacional, entre otras.<\/div>\n<div>En la actualidad el Escuadr\u00f3n Lama es denominado Escuadr\u00f3n III y depende del Grupo 4 de Caza de la IV Brigada A\u00e9rea y est\u00e1 equipado con tres m\u00e1quinas H-63, H-68 y H-69.<\/div>\n<div dir=\"auto\">(Fuente: El SA-351B Lama en la Fuer<span class=\"gmail_default\">z<\/span>a A\u00e9rea Argentina A. Baldini-S. Bonti<span class=\"gmail_default\">,<\/span>\u00a0con colaboraci\u00f3n de Javier Mosquera)<span class=\"gmail_default\">.<\/span><\/div>\n","protected":false},"excerpt":{"rendered":"<p>Este mi\u00e9rcoles por la ma\u00f1ana el Escuadr\u00f3n LAMA, perteneciente a la Fuerza A\u00e9rea Argentina, arrib\u00f3 a la pista principal del [&hellip;]<\/p>\n","protected":false},"author":3,"featured_media":20806,"comment_status":"open","ping_status":"open","sticky":false,"template":"","format":"standard","meta":{"_acf_changed":false,"site-sidebar-layout":"default","site-content-layout":"","ast-site-content-layout":"default","site-content-style":"default","site-sidebar-style":"default","ast-global-header-display":"","ast-banner-title-visibility":"","ast-main-header-display":"","ast-hfb-above-header-display":"","ast-hfb-below-header-display":"","ast-hfb-mobile-header-display":"","site-post-title":"","ast-breadcrumbs-content":"","ast-featured-img":"","footer-sml-layout":"","ast-disable-related-posts":"","theme-transparent-header-meta":"","adv-header-id-meta":"","stick-header-meta":"","header-above-stick-meta":"","header-main-stick-meta":"","header-below-stick-meta":"","astra-migrate-meta-layouts":"default","ast-page-background-enabled":"default","ast-page-background-meta":{"desktop":{"background-color":"var(--ast-global-color-4)","background-image":"","background-repeat":"repeat","background-position":"center center","background-size":"auto","background-attachment":"scroll","background-type":"","background-media":"","overlay-type":"","overlay-color":"","overlay-opacity":"","overlay-gradient":""},"tablet":{"background-color":"","background-image":"","background-repeat":"repeat","background-position":"center center","background-size":"auto","background-attachment":"scroll","background-type":"","background-media":"","overlay-type":"","overlay-color":"","overlay-opacity":"","overlay-gradient":""},"mobile":{"background-color":"","background-image":"","background-repeat":"repeat","background-position":"center center","background-size":"auto","background-attachment":"scroll","background-type":"","background-media":"","overlay-type":"","overlay-color":"","overlay-opacity":"","overlay-gradient":""}},"ast-content-background-meta":{"desktop":{"background-color":"var(--ast-global-color-5)","background-image":"","background-repeat":"repeat","background-position":"center center","background-size":"auto","background-attachment":"scroll","background-type":"","background-media":"","overlay-type":"","overlay-color":"","overlay-opacity":"","overlay-gradient":""},"tablet":{"background-color":"var(--ast-global-color-5)","background-image":"","background-repeat":"repeat","background-position":"center center","background-size":"auto","background-attachment":"scroll","background-type":"","background-media":"","overlay-type":"","overlay-color":"","overlay-opacity":"","overlay-gradient":""},"mobile":{"background-color":"var(--ast-global-color-5)","background-image":"","background-repeat":"repeat","background-position":"center center","background-size":"auto","background-attachment":"scroll","background-type":"","background-media":"","overlay-type":"","overlay-color":"","overlay-opacity":"","overlay-gradient":""}},"footnotes":""},"categories":[45,1],"tags":[],"class_list":["post-20804","post","type-post","status-publish","format-standard","has-post-thumbnail","hentry","category-defensa-civil","category-sin-categoria"],"acf":[],"_links":{"self":[{"href":"https:\/\/tupungato.gov.ar\/index.php?rest_route=\/wp\/v2\/posts\/20804","targetHints":{"allow":["GET"]}}],"collection":[{"href":"https:\/\/tupungato.gov.ar\/index.php?rest_route=\/wp\/v2\/posts"}],"about":[{"href":"https:\/\/tupungato.gov.ar\/index.php?rest_route=\/wp\/v2\/types\/post"}],"author":[{"embeddable":true,"href":"https:\/\/tupungato.gov.ar\/index.php?rest_route=\/wp\/v2\/users\/3"}],"replies":[{"embeddable":true,"href":"https:\/\/tupungato.gov.ar\/index.php?rest_route=%2Fwp%2Fv2%2Fcomments&post=20804"}],"version-history":[{"count":0,"href":"https:\/\/tupungato.gov.ar\/index.php?rest_route=\/wp\/v2\/posts\/20804\/revisions"}],"wp:featuredmedia":[{"embeddable":true,"href":"https:\/\/tupungato.gov.ar\/index.php?rest_route=\/"}],"wp:attachment":[{"href":"https:\/\/tupungato.gov.ar\/index.php?rest_route=%2Fwp%2Fv2%2Fmedia&parent=20804"}],"wp:term":[{"taxonomy":"category","embeddable":true,"href":"https:\/\/tupungato.gov.ar\/index.php?rest_route=%2Fwp%2Fv2%2Fcategories&post=20804"},{"taxonomy":"post_tag","embeddable":true,"href":"https:\/\/tupungato.gov.ar\/index.php?rest_route=%2Fwp%2Fv2%2Ftags&post=20804"}],"curies":[{"name":"wp","href":"https:\/\/api.w.org\/{rel}","templated":true}]}}