{"id":20798,"date":"2021-05-26T13:01:46","date_gmt":"2021-05-26T13:01:46","guid":{"rendered":"https:\/\/tupungato.gov.ar\/?p=19716"},"modified":"2021-05-26T13:01:46","modified_gmt":"2021-05-26T13:01:46","slug":"desecha-envases","status":"publish","type":"post","link":"https:\/\/tupungato.gov.ar\/?p=20798","title":{"rendered":"Desech\u00e1 los envases pl\u00e1sticos en los Botelleros"},"content":{"rendered":"<div class=\"\" data-block=\"true\" data-editor=\"fui5n\" data-offset-key=\"bugip-0-0\">\n<div class=\"_1mf _1mj\" data-offset-key=\"bugip-0-0\"><span data-offset-key=\"bugip-0-0\">Reducir, reutilizar y reciclar no se trata de una moda, sino esencialmente es una necesidad, una de las tantas posibles y grandes soluciones para cambiar el presente y futuro del planeta.<\/span><\/div>\n<\/div>\n<div class=\"\" data-block=\"true\" data-editor=\"fui5n\" data-offset-key=\"612d0-0-0\">\n<div class=\"_1mf _1mj\" data-offset-key=\"612d0-0-0\"><span data-offset-key=\"612d0-0-0\">Nuestras acciones diarias y h\u00e1bitos generan impacto, todos somos responsables a la hora de cuidar el medio ambiente y debemos entender que podemos contribuir, incluso con peque\u00f1as acciones, para vivir en un mundo sostenible.<\/span><\/div>\n<\/div>\n<div class=\"\" data-block=\"true\" data-editor=\"fui5n\" data-offset-key=\"5v080-0-0\">\n<div class=\"_1mf _1mj\" data-offset-key=\"5v080-0-0\"><span data-offset-key=\"5v080-0-0\">Por esto, en Tupungato siempre est\u00e1n vigentes gestiones que hacen a la conservaci\u00f3n y preservaci\u00f3n de los recursos naturales que invitan a que \u201cReAccionemos\u201d y acompa\u00f1emos los diferentes Programas que promueve el Municipio a trav\u00e9s del \u00c1rea de Gesti\u00f3n Ambiental.<\/span><\/div>\n<\/div>\n<div class=\"\" data-block=\"true\" data-editor=\"fui5n\" data-offset-key=\"ctcu5-0-0\">\n<div class=\"_1mf _1mj\" data-offset-key=\"ctcu5-0-0\"><span data-offset-key=\"ctcu5-0-0\">En esta oportunidad, \u201cQueremos recordarles d\u00f3nde est\u00e1n ubicados los botelleros, cu\u00e1l es el fin de ellos y la idea es que todos los envases pl\u00e1sticos en desuso los puedan llevar a estos lugares, hemos tratado de colocarlos en diferentes puntos, donde puedan estar al acceso de todos\u201d, expres\u00f3 la Coordinadora del \u00c1rea, Celeste Zu\u00f1er, para invitar a los vecinos a continuar involucr\u00e1ndose en el mundo del reciclaje y as\u00ed reforzar el uso de estos contenedores.<\/span><\/div>\n<\/div>\n<div class=\"\" data-block=\"true\" data-editor=\"fui5n\" data-offset-key=\"4bgea-0-0\">\n<div class=\"_1mf _1mj\" data-offset-key=\"4bgea-0-0\"><strong>El objetivo de la propuesta:<\/strong><\/div>\n<\/div>\n<div class=\"\" data-block=\"true\" data-editor=\"fui5n\" data-offset-key=\"dp7sm-0-0\">\n<div class=\"_1mf _1mj\" data-offset-key=\"dp7sm-0-0\"><span data-offset-key=\"dp7sm-0-0\">Consiste en desechar los envases pl\u00e1sticos en desuso, limpios, para evitar la acumulaci\u00f3n de botellas en cauces, acequias y v\u00eda p\u00fablica.<\/span><\/div>\n<\/div>\n<div class=\"\" data-block=\"true\" data-editor=\"fui5n\" data-offset-key=\"cgbe3-0-0\">\n<div class=\"_1mf _1mj\" data-offset-key=\"cgbe3-0-0\"><span data-offset-key=\"cgbe3-0-0\">Luego estos residuos pueden ser reutilizados para fabricar ecoladrillos, en comercios de venta de productos de limpieza y otra parte es recopilada para transformar estos residuos en materiales reciclados.<\/span><\/div>\n<\/div>\n<div class=\"\" data-block=\"true\" data-editor=\"fui5n\" data-offset-key=\"b2ahr-0-0\">\n<div class=\"_1mf _1mj\" data-offset-key=\"b2ahr-0-0\"><strong>Los botelleros se pueden encontrar en puntos espec\u00edficos y en diferentes espacios p\u00fablicos:<\/strong><\/div>\n<\/div>\n<div class=\"\" data-block=\"true\" data-editor=\"fui5n\" data-offset-key=\"1i4ic-0-0\">\n<div class=\"_1mf _1mj\" data-offset-key=\"1i4ic-0-0\"><span data-offset-key=\"1i4ic-0-0\">&#8211;<strong>Cord\u00f3n del Plata:<\/strong> Plaza distrital<\/span><\/div>\n<\/div>\n<div class=\"\" data-block=\"true\" data-editor=\"fui5n\" data-offset-key=\"dij79-0-0\">\n<div class=\"_1mf _1mj\" data-offset-key=\"dij79-0-0\"><span data-offset-key=\"dij79-0-0\">&#8211;<strong>Villa Bast\u00edas:<\/strong> B\u00ba Jard\u00edn del Sauce<\/span><\/div>\n<\/div>\n<div class=\"\" data-block=\"true\" data-editor=\"fui5n\" data-offset-key=\"7441h-0-0\">\n<div class=\"_1mf _1mj\" data-offset-key=\"7441h-0-0\"><span data-offset-key=\"7441h-0-0\">&#8211;<strong>San Jos\u00e9:<\/strong> sobre calle La Gloria<\/span><\/div>\n<\/div>\n<div class=\"\" data-block=\"true\" data-editor=\"fui5n\" data-offset-key=\"b5vdf-0-0\">\n<div class=\"_1mf _1mj\" data-offset-key=\"b5vdf-0-0\"><span data-offset-key=\"b5vdf-0-0\">&#8211;<strong>Ciudad:<\/strong> Plaza B\u00ba Mart\u00edn Fierro \/ Terminal de \u00d3mnibus \/ garita de Blvd. Correa \/ Plaza Departamental Grl. San Mart\u00edn.<\/span><\/div>\n<\/div>\n<div class=\"\" data-block=\"true\" data-editor=\"fui5n\" data-offset-key=\"7ilo-0-0\">\n<div class=\"_1mf _1mj\" data-offset-key=\"7ilo-0-0\"><span data-offset-key=\"7ilo-0-0\">Adem\u00e1s es importante recordar que si en casa se incorporan y suman buenas pr\u00e1cticas ambientales, como por ejemplo la construcci\u00f3n de ecoladrillos, recolecci\u00f3n de envases pl\u00e1sticos en general, papeles, pilas, bater\u00edas, electr\u00f3nicos en desuso, y Aceites Vegetales Usados (AVUs ), todos esos residuos s\u00f3lidos urbanos reciclables pueden llevarse al pr\u00f3ximo \u00abD\u00eda ReAccionemos\u00bb, e intercambiar la entrega por puntos que a fin de a\u00f1o podr\u00e1n ser canjeados por merchandising de Tupungato. <\/span><\/div>\n<\/div>\n<div class=\"\" data-block=\"true\" data-editor=\"fui5n\" data-offset-key=\"78bsl-0-0\">\n<div class=\"_1mf _1mj\" data-offset-key=\"78bsl-0-0\"><span data-offset-key=\"78bsl-0-0\">Asimismo si alguna persona requiere informaci\u00f3n o necesita salvaguardar dudas o consultas la Oficina del \u00c1rea de Gesti\u00f3n Ambiental est\u00e1 a disposici\u00f3n, en el edificio municipal ubicado calle Av. Belgrano 348, de lunes a viernes de 8 a 13h. -cumpliendo siempre con el protocolo sanitario por COVID-19-.<\/span><\/div>\n<\/div>\n","protected":false},"excerpt":{"rendered":"<p>Reducir, reutilizar y reciclar no se trata de una moda, sino esencialmente es una necesidad, una de las tantas posibles [&hellip;]<\/p>\n","protected":false},"author":3,"featured_media":20799,"comment_status":"open","ping_status":"open","sticky":false,"template":"","format":"standard","meta":{"_acf_changed":false,"site-sidebar-layout":"default","site-content-layout":"","ast-site-content-layout":"default","site-content-style":"default","site-sidebar-style":"default","ast-global-header-display":"","ast-banner-title-visibility":"","ast-main-header-display":"","ast-hfb-above-header-display":"","ast-hfb-below-header-display":"","ast-hfb-mobile-header-display":"","site-post-title":"","ast-breadcrumbs-content":"","ast-featured-img":"","footer-sml-layout":"","ast-disable-related-posts":"","theme-transparent-header-meta":"","adv-header-id-meta":"","stick-header-meta":"","header-above-stick-meta":"","header-main-stick-meta":"","header-below-stick-meta":"","astra-migrate-meta-layouts":"default","ast-page-background-enabled":"default","ast-page-background-meta":{"desktop":{"background-color":"var(--ast-global-color-4)","background-image":"","background-repeat":"repeat","background-position":"center center","background-size":"auto","background-attachment":"scroll","background-type":"","background-media":"","overlay-type":"","overlay-color":"","overlay-opacity":"","overlay-gradient":""},"tablet":{"background-color":"","background-image":"","background-repeat":"repeat","background-position":"center center","background-size":"auto","background-attachment":"scroll","background-type":"","background-media":"","overlay-type":"","overlay-color":"","overlay-opacity":"","overlay-gradient":""},"mobile":{"background-color":"","background-image":"","background-repeat":"repeat","background-position":"center center","background-size":"auto","background-attachment":"scroll","background-type":"","background-media":"","overlay-type":"","overlay-color":"","overlay-opacity":"","overlay-gradient":""}},"ast-content-background-meta":{"desktop":{"background-color":"var(--ast-global-color-5)","background-image":"","background-repeat":"repeat","background-position":"center center","background-size":"auto","background-attachment":"scroll","background-type":"","background-media":"","overlay-type":"","overlay-color":"","overlay-opacity":"","overlay-gradient":""},"tablet":{"background-color":"var(--ast-global-color-5)","background-image":"","background-repeat":"repeat","background-position":"center center","background-size":"auto","background-attachment":"scroll","background-type":"","background-media":"","overlay-type":"","overlay-color":"","overlay-opacity":"","overlay-gradient":""},"mobile":{"background-color":"var(--ast-global-color-5)","background-image":"","background-repeat":"repeat","background-position":"center center","background-size":"auto","background-attachment":"scroll","background-type":"","background-media":"","overlay-type":"","overlay-color":"","overlay-opacity":"","overlay-gradient":""}},"footnotes":""},"categories":[51,52],"tags":[],"class_list":["post-20798","post","type-post","status-publish","format-standard","has-post-thumbnail","hentry","category-a-gestion-ambiental","category-d-gral-de-obras"],"acf":[],"_links":{"self":[{"href":"https:\/\/tupungato.gov.ar\/index.php?rest_route=\/wp\/v2\/posts\/20798","targetHints":{"allow":["GET"]}}],"collection":[{"href":"https:\/\/tupungato.gov.ar\/index.php?rest_route=\/wp\/v2\/posts"}],"about":[{"href":"https:\/\/tupungato.gov.ar\/index.php?rest_route=\/wp\/v2\/types\/post"}],"author":[{"embeddable":true,"href":"https:\/\/tupungato.gov.ar\/index.php?rest_route=\/wp\/v2\/users\/3"}],"replies":[{"embeddable":true,"href":"https:\/\/tupungato.gov.ar\/index.php?rest_route=%2Fwp%2Fv2%2Fcomments&post=20798"}],"version-history":[{"count":0,"href":"https:\/\/tupungato.gov.ar\/index.php?rest_route=\/wp\/v2\/posts\/20798\/revisions"}],"wp:featuredmedia":[{"embeddable":true,"href":"https:\/\/tupungato.gov.ar\/index.php?rest_route=\/"}],"wp:attachment":[{"href":"https:\/\/tupungato.gov.ar\/index.php?rest_route=%2Fwp%2Fv2%2Fmedia&parent=20798"}],"wp:term":[{"taxonomy":"category","embeddable":true,"href":"https:\/\/tupungato.gov.ar\/index.php?rest_route=%2Fwp%2Fv2%2Fcategories&post=20798"},{"taxonomy":"post_tag","embeddable":true,"href":"https:\/\/tupungato.gov.ar\/index.php?rest_route=%2Fwp%2Fv2%2Ftags&post=20798"}],"curies":[{"name":"wp","href":"https:\/\/api.w.org\/{rel}","templated":true}]}}